{"id":13901,"date":"2018-02-22T11:41:37","date_gmt":"2018-02-22T14:41:37","guid":{"rendered":"https:\/\/mjtom.com.br\/site1\/?p=13901"},"modified":"2022-01-07T13:03:17","modified_gmt":"2022-01-07T16:03:17","slug":"diretoria-amplia-atendimento-psicologico-aos-familiares-dos-prfs","status":"publish","type":"post","link":"https:\/\/sinprfsp.org.br\/index.php\/2018\/02\/22\/diretoria-amplia-atendimento-psicologico-aos-familiares-dos-prfs\/","title":{"rendered":"Diretoria amplia atendimento psicol\u00f3gico aos familiares dos PRFs"},"content":{"rendered":"<div class=\"descricao\">\n<p class=\"Pargrafobsico\" style=\"text-align: justify;\"><span>Pensando na sa\u00fade e bem-estar de seus sindicalizados e familiares, a diretoria do SINPRF-SP reformulou sua parceria com a psic\u00f3loga Patr\u00edcia Fernandes CRP: 06\/105661, que a partir de agora passa a atender tamb\u00e9m os familiares dos sindicalizados.<\/span><\/p>\n<p class=\"Pargrafobsico\" style=\"text-align: justify;\"><span>De acordo com o presidente do SINPRF-SP, F\u00e1bio Lu\u00eds de Almeida, o objetivo da diretoria \u00e9 proporcionar bem-estar e equil\u00edbrio n\u00e3o apenas aos policiais, mas tamb\u00e9m a sua fam\u00edlia. \u201cO bem-estar do policial est\u00e1 intimamente ligado ao de seus familiares, desta forma \u00e9 essencial oferecermos esta possibilidade para todos buscarem esse equil\u00edbrio\u201d, explicou F\u00e1bio Lu\u00eds.<\/span><\/p>\n<p class=\"Pargrafobsico\" style=\"text-align: justify;\"><span>Segundo a psic\u00f3loga Patr\u00edcia Fernandes, os atendimentos t\u00eam como objetivo a melhoria da qualidade de vida e do bem-estar e abrangem as esferas individual, familiar, profissional e social, bem como situa\u00e7\u00f5es especificas de preven\u00e7\u00e3o e crise j\u00e1 deflagrada. \u201cS\u00e3o in\u00fameras situa\u00e7\u00f5es em que o atendimento psicol\u00f3gico faz toda a diferen\u00e7a na conquista do bem-estar e da melhora da qualidade de vida das pessoas, mas tamb\u00e9m \u00e9 uma ferramenta essencial para o autoconhecimento, imprescind\u00edvel para o nosso desenvolvimento\u201d, explicou.<\/span><\/p>\n<p class=\"Pargrafobsico\" style=\"text-align: justify;\"><span>Sobre a amplia\u00e7\u00e3o do atendimento psicol\u00f3gico, Patr\u00edcia conta que \u00e9 de extrema import\u00e2ncia o equil\u00edbrio de todos os membros da fam\u00edlia, para o bem-estar de todos. \u201cCom a conviv\u00eancia di\u00e1ria, quando um dos membros da fam\u00edlia n\u00e3o est\u00e1 em p<\/span><span>leno equil\u00edbrio, a rela\u00e7\u00e3o come\u00e7a a ficar descompensada e com o tempo gera mais dificuldades para todos, e ao oferecermos a possibilidade de atendimento \u00e0 fam\u00edlia do PRF, estamos ampliando de forma significativa a qualidade de vida de todos\u201d, avaliou.<\/span><\/p>\n<p class=\"Pargrafobsico\" style=\"text-align: justify;\"><span>Os interessados podem esclarecer suas d\u00favidas e agendar seus hor\u00e1rios diretamente com a psic\u00f3loga Patr\u00edcia Fernandes, por meio do e-mail: psicologiapf@gmail.com ou pelo telefone: (11) 98911-7112.<\/span><\/p>\n<\/div>\n","protected":false},"excerpt":{"rendered":"<p>Pensando na sa\u00fade e bem-estar de seus sindicalizados e familiares, a diretoria do SINPRF-SP reformulou sua parceria com a psic\u00f3loga Patr\u00edcia Fernandes CRP: 06\/105661, que a partir de agora passa a atender tamb\u00e9m os familiares dos sindicalizados. De acordo com o presidente do SINPRF-SP, F\u00e1bio Lu\u00eds de Almeida, o objetivo da diretoria \u00e9 proporcionar bem-estar [&hellip;]<\/p>\n","protected":false},"author":3,"featured_media":13902,"comment_status":"closed","ping_status":"closed","sticky":false,"template":"","format":"standard","meta":{"footnotes":""},"categories":[1],"tags":[],"class_list":["post-13901","post","type-post","status-publish","format-standard","has-post-thumbnail","hentry","category-noticias-gerais"],"_links":{"self":[{"href":"https:\/\/sinprfsp.org.br\/index.php\/wp-json\/wp\/v2\/posts\/13901","targetHints":{"allow":["GET"]}}],"collection":[{"href":"https:\/\/sinprfsp.org.br\/index.php\/wp-json\/wp\/v2\/posts"}],"about":[{"href":"https:\/\/sinprfsp.org.br\/index.php\/wp-json\/wp\/v2\/types\/post"}],"author":[{"embeddable":true,"href":"https:\/\/sinprfsp.org.br\/index.php\/wp-json\/wp\/v2\/users\/3"}],"replies":[{"embeddable":true,"href":"https:\/\/sinprfsp.org.br\/index.php\/wp-json\/wp\/v2\/comments?post=13901"}],"version-history":[{"count":1,"href":"https:\/\/sinprfsp.org.br\/index.php\/wp-json\/wp\/v2\/posts\/13901\/revisions"}],"predecessor-version":[{"id":13903,"href":"https:\/\/sinprfsp.org.br\/index.php\/wp-json\/wp\/v2\/posts\/13901\/revisions\/13903"}],"wp:featuredmedia":[{"embeddable":true,"href":"https:\/\/sinprfsp.org.br\/index.php\/wp-json\/wp\/v2\/media\/13902"}],"wp:attachment":[{"href":"https:\/\/sinprfsp.org.br\/index.php\/wp-json\/wp\/v2\/media?parent=13901"}],"wp:term":[{"taxonomy":"category","embeddable":true,"href":"https:\/\/sinprfsp.org.br\/index.php\/wp-json\/wp\/v2\/categories?post=13901"},{"taxonomy":"post_tag","embeddable":true,"href":"https:\/\/sinprfsp.org.br\/index.php\/wp-json\/wp\/v2\/tags?post=13901"}],"curies":[{"name":"wp","href":"https:\/\/api.w.org\/{rel}","templated":true}]}}