{"id":13907,"date":"2018-02-16T11:41:44","date_gmt":"2018-02-16T13:41:44","guid":{"rendered":"https:\/\/mjtom.com.br\/site1\/?p=13907"},"modified":"2022-01-07T13:03:17","modified_gmt":"2022-01-07T16:03:17","slug":"sindicalizados-decidem-por-abertura-de-acao-regressiva","status":"publish","type":"post","link":"https:\/\/sinprfsp.org.br\/index.php\/2018\/02\/16\/sindicalizados-decidem-por-abertura-de-acao-regressiva\/","title":{"rendered":"Sindicalizados decidem por abertura de a\u00e7\u00e3o regressiva"},"content":{"rendered":"<div class=\"descricao\">\n<p style=\"text-align: justify;\">Em Assembleia Geral Extraordin\u00e1ria (AGE) realizada na \u00faltima quinta-feira (15), a qual foi transmitida ao vivo pelo canal do sindicato no youtube, os sindicalizados presentes, por maioria dos votos, aprovaram a abertura de a\u00e7\u00e3o regressiva em face dos apontados em relat\u00f3rio da \u00e1rea jur\u00eddica e o afastamento <span>dos sindicalizados demandados de suas\u00a0<\/span>atribui\u00e7\u00f5es, enquanto durar o processo.<\/p>\n<p style=\"text-align: justify;\">\u201cCom estas duas medidas aprovadas pelo \u00f3rg\u00e3o deliberativo m\u00e1ximo do sindicato colocamos um ponto final neste assunto que tem demandado tempo e energia, que devem agora se voltar exclusivamente aos temas prementes de nossa categoria\u201d, disse o vice-presidente do SINPRF-SP, Ot\u00e1vio Cardoso de Oliveira.<\/p>\n<p style=\"text-align: justify;\">O presidente do SINPRF-SP, F\u00e1bio Lu\u00eds de Almeida agradeceu a participa\u00e7\u00e3o do efetivo nesta importante decis\u00e3o. \u201cEm nome de toda a diretoria do sindicato, agrade\u00e7o a participa\u00e7\u00e3o de todos que acompanharam os debates, contribuindo para a solu\u00e7\u00e3o desta quest\u00e3o\u201d, finaliza.<\/p>\n<\/div>\n","protected":false},"excerpt":{"rendered":"<p>Em Assembleia Geral Extraordin\u00e1ria (AGE) realizada na \u00faltima quinta-feira (15), a qual foi transmitida ao vivo pelo canal do sindicato no youtube, os sindicalizados presentes, por maioria dos votos, aprovaram a abertura de a\u00e7\u00e3o regressiva em face dos apontados em relat\u00f3rio da \u00e1rea jur\u00eddica e o afastamento dos sindicalizados demandados de suas\u00a0atribui\u00e7\u00f5es, enquanto durar o [&hellip;]<\/p>\n","protected":false},"author":3,"featured_media":13908,"comment_status":"closed","ping_status":"closed","sticky":false,"template":"","format":"standard","meta":{"footnotes":""},"categories":[41],"tags":[],"class_list":["post-13907","post","type-post","status-publish","format-standard","has-post-thumbnail","hentry","category-noticias-em-destaque"],"_links":{"self":[{"href":"https:\/\/sinprfsp.org.br\/index.php\/wp-json\/wp\/v2\/posts\/13907","targetHints":{"allow":["GET"]}}],"collection":[{"href":"https:\/\/sinprfsp.org.br\/index.php\/wp-json\/wp\/v2\/posts"}],"about":[{"href":"https:\/\/sinprfsp.org.br\/index.php\/wp-json\/wp\/v2\/types\/post"}],"author":[{"embeddable":true,"href":"https:\/\/sinprfsp.org.br\/index.php\/wp-json\/wp\/v2\/users\/3"}],"replies":[{"embeddable":true,"href":"https:\/\/sinprfsp.org.br\/index.php\/wp-json\/wp\/v2\/comments?post=13907"}],"version-history":[{"count":1,"href":"https:\/\/sinprfsp.org.br\/index.php\/wp-json\/wp\/v2\/posts\/13907\/revisions"}],"predecessor-version":[{"id":13909,"href":"https:\/\/sinprfsp.org.br\/index.php\/wp-json\/wp\/v2\/posts\/13907\/revisions\/13909"}],"wp:featuredmedia":[{"embeddable":true,"href":"https:\/\/sinprfsp.org.br\/index.php\/wp-json\/wp\/v2\/media\/13908"}],"wp:attachment":[{"href":"https:\/\/sinprfsp.org.br\/index.php\/wp-json\/wp\/v2\/media?parent=13907"}],"wp:term":[{"taxonomy":"category","embeddable":true,"href":"https:\/\/sinprfsp.org.br\/index.php\/wp-json\/wp\/v2\/categories?post=13907"},{"taxonomy":"post_tag","embeddable":true,"href":"https:\/\/sinprfsp.org.br\/index.php\/wp-json\/wp\/v2\/tags?post=13907"}],"curies":[{"name":"wp","href":"https:\/\/api.w.org\/{rel}","templated":true}]}}