{"id":13965,"date":"2017-12-20T11:45:04","date_gmt":"2017-12-20T13:45:04","guid":{"rendered":"https:\/\/mjtom.com.br\/site1\/?p=13965"},"modified":"2022-01-07T13:03:17","modified_gmt":"2022-01-07T16:03:17","slug":"sem-quorum-para-aprovar-reforma-da-previdencia-governo-recua","status":"publish","type":"post","link":"https:\/\/sinprfsp.org.br\/index.php\/2017\/12\/20\/sem-quorum-para-aprovar-reforma-da-previdencia-governo-recua\/","title":{"rendered":"Sem qu\u00f3rum para aprovar Reforma da Previd\u00eancia, governo recua"},"content":{"rendered":"<div class=\"descricao\">\n<p class=\"Pargrafobsico\">Com dificuldades em obter de sua base aliada 308 deputados votando a favor da Reforma da Previd\u00eancia, o governo de Michel Temer recuou na vota\u00e7\u00e3o do tema. No \u00faltimo dia 13, o l\u00edder do governo no Senado, Romero Juc\u00e1 (PMDB-RR) afirmou que o presidente da C\u00e2mara, Rodrigo Maia (DEM-RJ), e do Senado, Eun\u00edcio Oliveira (PMDB-CE), concordaram em deixar o tema para o ano que vem.<\/p>\n<p class=\"Pargrafobsico\">Em entrevista concedida, Juc\u00e1 disse: \u201cHoje [14] ser\u00e1 votado o or\u00e7amento federal, e for\u00e7osamente na pr\u00f3xima semana n\u00e3o haver\u00e1 um qu\u00f3rum da forma como queremos para votar a reforma da previd\u00eancia, que aguardar\u00e1 mais alguns dias para ser votada, ou em fevereiro, ou at\u00e9 se houver entendimento entre os presidentes das duas casas, em uma convoca\u00e7\u00e3o extraordin\u00e1ria\u201d, disse o senador.<\/p>\n<p class=\"Pargrafobsico\">Antes do an\u00fancio, Rodrigo Maia tinha a perspectiva de iniciar a aprecia\u00e7\u00e3o da reforma no \u00faltimo dia 14. J\u00e1 Eun\u00edcio Oliveira havia afirmado que a mat\u00e9ria s\u00f3 entraria na pauta da Casa no ano que vem.<\/p>\n<p class=\"Pargrafobsico\">Como a reforma trata-se de uma emenda constitucional, precisa do apoio de dois ter\u00e7os dos deputados e senadores, em vota\u00e7\u00e3o realizada em dois turnos.<\/p>\n<p class=\"Pargrafobsico\"><strong>Mobiliza\u00e7\u00e3o<\/strong><\/p>\n<p class=\"Pargrafobsico\">Gra\u00e7as ao movimento que vem sendo realizado pelo sistema sindical com o apoio de toda a sociedade, que se utiliza do slogan: \u201cEu n\u00e3o voto em quem vota a favor da Reforma da Previd\u00eancia\u201d, o projeto tem encontrado bastante resist\u00eancia entre os parlamentares, que se encontram temerosos de perder votos nas elei\u00e7\u00f5es de 2018.<\/p>\n<p class=\"Pargrafobsico\">\u201cEstamos nos mobilizando e precisamos cada vez mais do apoio de todos os nossos sindicalizados e familiares, para deixarmos claro aos nossos parlamentes de que n\u00e3o votaremos em quem votar a favor da reforma da previd\u00eancia. O recuo do governo demonstra a for\u00e7a que nossa sociedade possue quando est\u00e1 unida em defesa de seus direitos. Neste momento precisamos continuar coesos em nossas campanhas\u201d, explicou o presidente do SINPRF-SP, F\u00e1bio Lu\u00eds de Almeida.<\/p>\n<p class=\"Pargrafobsico\"><strong>Campanha facebook<\/strong><\/p>\n<p class=\"Pargrafobsico\">Utilizando-se das m\u00eddias sociais, o SINPRF-SP iniciou uma campanha contra a Reforma da Previd\u00eancia. Por meio de um filtro tem\u00e1tico para a foto do perfil, qualquer usu\u00e1rio de redes sociais divulga o banner criado pelo sindicato com um recado bem claro aos parlamentares: \u201cReforma da Previd\u00eancia: Eu n\u00e3o voto em quem vota a favor\u201d.<\/p>\n<p class=\"Pargrafobsico\">Para participar da campanha, basta acessar o site: <a href=\"https:\/\/twibbon.com\/Support\/n%C3%A3o-%C3%A0-reforma-da-previd%C3%AAncia-25\"><strong>https:\/\/twibbon.com\/Support\/n\u00e3o-\u00e0-reforma-da-previd\u00eancia-25.<\/strong><\/a><\/p>\n<p class=\"Pargrafobsico\"><strong>E-mails<\/strong><\/p>\n<p class=\"Pargrafobsico\">O envio de e-mail a todos os deputados federais de S\u00e3o Paulo em busca de apoio na defesa dos direitos dos policiais rodovi\u00e1rios federais tamb\u00e9m faz parte das estrat\u00e9gias digitais que est\u00e3o sendo utilizadas.<\/p>\n<p>Para tanto, basta o PRF enviar o e-mail padr\u00e3o para os parlamentares da bancada paulista.<\/p>\n<\/div>\n","protected":false},"excerpt":{"rendered":"<p>Com dificuldades em obter de sua base aliada 308 deputados votando a favor da Reforma da Previd\u00eancia, o governo de Michel Temer recuou na vota\u00e7\u00e3o do tema. No \u00faltimo dia 13, o l\u00edder do governo no Senado, Romero Juc\u00e1 (PMDB-RR) afirmou que o presidente da C\u00e2mara, Rodrigo Maia (DEM-RJ), e do Senado, Eun\u00edcio Oliveira (PMDB-CE), [&hellip;]<\/p>\n","protected":false},"author":3,"featured_media":13966,"comment_status":"closed","ping_status":"closed","sticky":false,"template":"","format":"standard","meta":{"footnotes":""},"categories":[41],"tags":[],"class_list":["post-13965","post","type-post","status-publish","format-standard","has-post-thumbnail","hentry","category-noticias-em-destaque"],"_links":{"self":[{"href":"https:\/\/sinprfsp.org.br\/index.php\/wp-json\/wp\/v2\/posts\/13965","targetHints":{"allow":["GET"]}}],"collection":[{"href":"https:\/\/sinprfsp.org.br\/index.php\/wp-json\/wp\/v2\/posts"}],"about":[{"href":"https:\/\/sinprfsp.org.br\/index.php\/wp-json\/wp\/v2\/types\/post"}],"author":[{"embeddable":true,"href":"https:\/\/sinprfsp.org.br\/index.php\/wp-json\/wp\/v2\/users\/3"}],"replies":[{"embeddable":true,"href":"https:\/\/sinprfsp.org.br\/index.php\/wp-json\/wp\/v2\/comments?post=13965"}],"version-history":[{"count":1,"href":"https:\/\/sinprfsp.org.br\/index.php\/wp-json\/wp\/v2\/posts\/13965\/revisions"}],"predecessor-version":[{"id":13967,"href":"https:\/\/sinprfsp.org.br\/index.php\/wp-json\/wp\/v2\/posts\/13965\/revisions\/13967"}],"wp:featuredmedia":[{"embeddable":true,"href":"https:\/\/sinprfsp.org.br\/index.php\/wp-json\/wp\/v2\/media\/13966"}],"wp:attachment":[{"href":"https:\/\/sinprfsp.org.br\/index.php\/wp-json\/wp\/v2\/media?parent=13965"}],"wp:term":[{"taxonomy":"category","embeddable":true,"href":"https:\/\/sinprfsp.org.br\/index.php\/wp-json\/wp\/v2\/categories?post=13965"},{"taxonomy":"post_tag","embeddable":true,"href":"https:\/\/sinprfsp.org.br\/index.php\/wp-json\/wp\/v2\/tags?post=13965"}],"curies":[{"name":"wp","href":"https:\/\/api.w.org\/{rel}","templated":true}]}}