{"id":13968,"date":"2017-12-20T11:45:08","date_gmt":"2017-12-20T13:45:08","guid":{"rendered":"https:\/\/mjtom.com.br\/site1\/?p=13968"},"modified":"2022-01-07T13:03:17","modified_gmt":"2022-01-07T16:03:17","slug":"ministro-ricardo-lewandowski-suspende-mp-805-2017","status":"publish","type":"post","link":"https:\/\/sinprfsp.org.br\/index.php\/2017\/12\/20\/ministro-ricardo-lewandowski-suspende-mp-805-2017\/","title":{"rendered":"Ministro Ricardo Lewandowski suspende MP 805\/2017"},"content":{"rendered":"<div class=\"descricao\">\n<p class=\"Pargrafobsico\">Em decis\u00e3o liminar (provis\u00f3ria), o Ministro Ricardo Lewandowski do Supremo Tribunal Federal (STF), suspendeu a medida provis\u00f3ria 805\/2017 editada pelo presidente Michel Temer (PMDB), que suspendia para 2019 o pagamento da parcela do reajuste dos servidores p\u00fablicos federais, previsto para janeiro de 2018. Outro dispositivo da MP, que elevava de 11% para 14% a contribui\u00e7\u00e3o previdenci\u00e1ria dos funcion\u00e1rios p\u00fablicos, ativos e pensionistas, que recebiam acima de R$ 5,3 mil, tamb\u00e9m foi suspenso.<\/p>\n<p class=\"Pargrafobsico\">Para o ministro do Supremo, a medida provis\u00f3ria, na pr\u00e1tica, reduz a remunera\u00e7\u00e3o dos servidores, contrariando o direito \u00e0 \u201cirredutibilidade\u201d dos sal\u00e1rios, garantido pela Constitui\u00e7\u00e3o. \u201cAo alterar as datas da incorpora\u00e7\u00e3o dos aumentos j\u00e1 legitimamente incorporados ao ordenamento jur\u00eddico por meio do devido processo legislativo, revogando tacitamente as datas anteriormente definidas, o Presidente da Rep\u00fablica fere de morte o direito \u00e0 irredutibilidade dos vencimentos dos ocupantes de cargos p\u00fablicos\u201d, ressaltou Lewandowski.<\/p>\n<p class=\"Pargrafobsico\">A procuradora-geral da Rep\u00fablica, Raquel Dodge tamb\u00e9m compartilha da mesma avalia\u00e7\u00e3o de Lewandowski a respeito da MP. Em parecer enviado ao STF, Dodge recomendou a anula\u00e7\u00e3o da medida provis\u00f3ria, tamb\u00e9m sob o argumento de que o dispositivo reduz o sal\u00e1rio dos servidores federais.<\/p>\n<p class=\"Pargrafobsico\">A decis\u00e3o liminar de Lewandowski tem efeito imediato, mas ainda ser\u00e1 analisada pelo plen\u00e1rio do STF, formado pelos 11 ministros, que poder\u00e1 confirmar ou rejeitar a decis\u00e3o.<\/p>\n<p>\u201cEste foi mais um passo para uma vit\u00f3ria definitiva contra este governo arbitr\u00e1rio\u201d, comenta o presidente do SINPRF-SP, F\u00e1bio Lu\u00eds de Almeida.<\/p>\n<\/div>\n","protected":false},"excerpt":{"rendered":"<p>Em decis\u00e3o liminar (provis\u00f3ria), o Ministro Ricardo Lewandowski do Supremo Tribunal Federal (STF), suspendeu a medida provis\u00f3ria 805\/2017 editada pelo presidente Michel Temer (PMDB), que suspendia para 2019 o pagamento da parcela do reajuste dos servidores p\u00fablicos federais, previsto para janeiro de 2018. Outro dispositivo da MP, que elevava de 11% para 14% a contribui\u00e7\u00e3o [&hellip;]<\/p>\n","protected":false},"author":3,"featured_media":13969,"comment_status":"closed","ping_status":"closed","sticky":false,"template":"","format":"standard","meta":{"footnotes":""},"categories":[41],"tags":[],"class_list":["post-13968","post","type-post","status-publish","format-standard","has-post-thumbnail","hentry","category-noticias-em-destaque"],"_links":{"self":[{"href":"https:\/\/sinprfsp.org.br\/index.php\/wp-json\/wp\/v2\/posts\/13968","targetHints":{"allow":["GET"]}}],"collection":[{"href":"https:\/\/sinprfsp.org.br\/index.php\/wp-json\/wp\/v2\/posts"}],"about":[{"href":"https:\/\/sinprfsp.org.br\/index.php\/wp-json\/wp\/v2\/types\/post"}],"author":[{"embeddable":true,"href":"https:\/\/sinprfsp.org.br\/index.php\/wp-json\/wp\/v2\/users\/3"}],"replies":[{"embeddable":true,"href":"https:\/\/sinprfsp.org.br\/index.php\/wp-json\/wp\/v2\/comments?post=13968"}],"version-history":[{"count":1,"href":"https:\/\/sinprfsp.org.br\/index.php\/wp-json\/wp\/v2\/posts\/13968\/revisions"}],"predecessor-version":[{"id":13970,"href":"https:\/\/sinprfsp.org.br\/index.php\/wp-json\/wp\/v2\/posts\/13968\/revisions\/13970"}],"wp:featuredmedia":[{"embeddable":true,"href":"https:\/\/sinprfsp.org.br\/index.php\/wp-json\/wp\/v2\/media\/13969"}],"wp:attachment":[{"href":"https:\/\/sinprfsp.org.br\/index.php\/wp-json\/wp\/v2\/media?parent=13968"}],"wp:term":[{"taxonomy":"category","embeddable":true,"href":"https:\/\/sinprfsp.org.br\/index.php\/wp-json\/wp\/v2\/categories?post=13968"},{"taxonomy":"post_tag","embeddable":true,"href":"https:\/\/sinprfsp.org.br\/index.php\/wp-json\/wp\/v2\/tags?post=13968"}],"curies":[{"name":"wp","href":"https:\/\/api.w.org\/{rel}","templated":true}]}}