{"id":13971,"date":"2017-12-20T11:45:12","date_gmt":"2017-12-20T13:45:12","guid":{"rendered":"https:\/\/mjtom.com.br\/site1\/?p=13971"},"modified":"2022-01-07T13:03:17","modified_gmt":"2022-01-07T16:03:17","slug":"diretoria-do-sinprf-sp-participa-de-audiencia-publica-sobre-abuso-e-exploracao-sexual-infanto-juvenil","status":"publish","type":"post","link":"https:\/\/sinprfsp.org.br\/index.php\/2017\/12\/20\/diretoria-do-sinprf-sp-participa-de-audiencia-publica-sobre-abuso-e-exploracao-sexual-infanto-juvenil\/","title":{"rendered":"Diretoria do SINPRF-SP participa de Audi\u00eancia P\u00fablica sobre abuso e explora\u00e7\u00e3o sexual infanto-juvenil"},"content":{"rendered":"<div class=\"descricao\">\n<p class=\"Pargrafobsico\">O presidente do SINPRF-SP, F\u00e1bio Lu\u00eds de Almeida e o Diretor Parlamentar M\u00e1rcio Pontes participaram na manh\u00e3 do \u00faltimo dia 14, de audi\u00eancia p\u00fablica realizada na Comiss\u00e3o de Ci\u00eancia e Tecnologia, Comunica\u00e7\u00e3o e Inform\u00e1tica da C\u00e2mara dos Deputados, proposta pelo deputado federal Roberto Alves (PRB-SP), grande apoiador das causas da PRF, para debater sobre abuso e explora\u00e7\u00e3o sexual de crian\u00e7as e adolescentes na internet.<\/p>\n<p class=\"Pargrafobsico\">Segundo o deputado Roberto Alves sua proposta foi discutir a influ\u00eancia da internet, sobre tudo das redes sociais na ocorr\u00eancia dos crimes de abuso e de explora\u00e7\u00e3o sexual de crian\u00e7as e adolescentes. \u201cO Brasil est\u00e1 entre os pa\u00edses da Am\u00e9rica Latina com o maior n\u00famero de casos de viol\u00eancia sexual infanto-juvenil. Dados da secretaria de direitos humanos revelam que entre os meses de janeiro e junho de 2017, o disque 100 registrou 9.138 den\u00fancias de viol\u00eancia sexual contra crian\u00e7as e adolescentes, com base nesse n\u00famero podemos concluir que a cada hora, duas crian\u00e7as e adolescentes s\u00e3o v\u00edtimas de viol\u00eancia sexual no Brasil. \u00c9 poss\u00edvel que neste momento algu\u00e9m esteja sendo v\u00edtima de abuso ou explora\u00e7\u00e3o sexual infanto-junvenil. Esses n\u00fameros retratam uma realidade que entristece e envergonha a todos n\u00f3s brasileiros\u201d, explicou Alves.<\/p>\n<p class=\"Pargrafobsico\">Na oportunidade o deputado mais uma vez elogiou o trabalho desenvolvido pela PRF no combate \u00e0 explora\u00e7\u00e3o sexual de crian\u00e7as e adolescentes, e se colocou \u00e0 disposi\u00e7\u00e3o da categoria. \u201cSempre que falamos no combate \u00e0 explora\u00e7\u00e3o sexual de crian\u00e7as e adolescentes, n\u00e3o podemos deixar de citar o excepcional trabalho desenvolvido pelos policiais rodovi\u00e1rios federais em nossas rodovias\u201d, disse.<\/p>\n<\/div>\n","protected":false},"excerpt":{"rendered":"<p>O presidente do SINPRF-SP, F\u00e1bio Lu\u00eds de Almeida e o Diretor Parlamentar M\u00e1rcio Pontes participaram na manh\u00e3 do \u00faltimo dia 14, de audi\u00eancia p\u00fablica realizada na Comiss\u00e3o de Ci\u00eancia e Tecnologia, Comunica\u00e7\u00e3o e Inform\u00e1tica da C\u00e2mara dos Deputados, proposta pelo deputado federal Roberto Alves (PRB-SP), grande apoiador das causas da PRF, para debater sobre abuso [&hellip;]<\/p>\n","protected":false},"author":3,"featured_media":13972,"comment_status":"closed","ping_status":"closed","sticky":false,"template":"","format":"standard","meta":{"footnotes":""},"categories":[1],"tags":[],"class_list":["post-13971","post","type-post","status-publish","format-standard","has-post-thumbnail","hentry","category-noticias-gerais"],"_links":{"self":[{"href":"https:\/\/sinprfsp.org.br\/index.php\/wp-json\/wp\/v2\/posts\/13971","targetHints":{"allow":["GET"]}}],"collection":[{"href":"https:\/\/sinprfsp.org.br\/index.php\/wp-json\/wp\/v2\/posts"}],"about":[{"href":"https:\/\/sinprfsp.org.br\/index.php\/wp-json\/wp\/v2\/types\/post"}],"author":[{"embeddable":true,"href":"https:\/\/sinprfsp.org.br\/index.php\/wp-json\/wp\/v2\/users\/3"}],"replies":[{"embeddable":true,"href":"https:\/\/sinprfsp.org.br\/index.php\/wp-json\/wp\/v2\/comments?post=13971"}],"version-history":[{"count":1,"href":"https:\/\/sinprfsp.org.br\/index.php\/wp-json\/wp\/v2\/posts\/13971\/revisions"}],"predecessor-version":[{"id":13973,"href":"https:\/\/sinprfsp.org.br\/index.php\/wp-json\/wp\/v2\/posts\/13971\/revisions\/13973"}],"wp:featuredmedia":[{"embeddable":true,"href":"https:\/\/sinprfsp.org.br\/index.php\/wp-json\/wp\/v2\/media\/13972"}],"wp:attachment":[{"href":"https:\/\/sinprfsp.org.br\/index.php\/wp-json\/wp\/v2\/media?parent=13971"}],"wp:term":[{"taxonomy":"category","embeddable":true,"href":"https:\/\/sinprfsp.org.br\/index.php\/wp-json\/wp\/v2\/categories?post=13971"},{"taxonomy":"post_tag","embeddable":true,"href":"https:\/\/sinprfsp.org.br\/index.php\/wp-json\/wp\/v2\/tags?post=13971"}],"curies":[{"name":"wp","href":"https:\/\/api.w.org\/{rel}","templated":true}]}}