{"id":13983,"date":"2017-12-19T11:45:27","date_gmt":"2017-12-19T13:45:27","guid":{"rendered":"https:\/\/mjtom.com.br\/site1\/?p=13983"},"modified":"2022-01-07T13:03:16","modified_gmt":"2022-01-07T16:03:16","slug":"diretoria-do-sinprf-sp-cumpre-intensa-agenda-de-compromissos-em-brasilia-em-defesa-da-categoria","status":"publish","type":"post","link":"https:\/\/sinprfsp.org.br\/index.php\/2017\/12\/19\/diretoria-do-sinprf-sp-cumpre-intensa-agenda-de-compromissos-em-brasilia-em-defesa-da-categoria\/","title":{"rendered":"Diretoria do SINPRF-SP cumpre intensa agenda de compromissos em Bras\u00edlia em defesa da categoria"},"content":{"rendered":"<div class=\"descricao\">\n<p class=\"Pargrafobsico\">Na \u00faltima semana, entre os dias 12 e 14 de dezembro, o presidente do SINPRF-SP, F\u00e1bio Lu\u00eds de Almeida, o Diretor Parlamentar M\u00e1rcio Pontes e o Diretor Parlamentar Suplente Ricardo Luiz Gomes, cumpriram uma agenda repleta de compromissos em Bras\u00edlia, contra a Reforma da Previd\u00eancia, PEC 287 e a MP 805\/2017.<\/p>\n<p class=\"Pargrafobsico\">No dia 12, pela manh\u00e3, os dirigentes sindicais participaram da abertura da \u00faltima Assembleia Geral Extraordin\u00e1ria realizada pela Federa\u00e7\u00e3o Nacional dos Policiais Rodovi\u00e1rios Federais (FenaPRF), em 2017, para an\u00e1lise das movimenta\u00e7\u00f5es do Governo Federal relacionadas \u00e0 Reforma da Previd\u00eancia, al\u00e9m de discuss\u00e3o sobre as diretrizes a serem adotadas por toda a categoria.<\/p>\n<p class=\"Pargrafobsico\">O evento contou com a participa\u00e7\u00e3o do Senador Medeiros (PODE-MT), que esclareceu aos presentes sobre o andamento das medidas governamentais que atacam diretamente os servidores p\u00fablicos e a carreira policial, bem como as poss\u00edveis articula\u00e7\u00f5es em rela\u00e7\u00e3o \u00e0 Reforma da Previd\u00eancia.<\/p>\n<p class=\"Pargrafobsico\">No per\u00edodo da tarde, os dirigentes sindicais de S\u00e3o Paulo se deslocaram para o Congresso Nacional, onde realizaram visitas aos deputados em busca de apoio para a categoria PRF. \u201c\u00c9 de suma import\u00e2ncia este trabalho que desenvolvemos junto aos deputados em busca de apoio para nossa categoria. Precisamos que os deputados declaradamente contr\u00e1rios \u00e0 reforma da previd\u00eancia mantenham-se firmes, para garantirmos o arquivamento do projeto\u201d, explicou Almeida.<\/p>\n<p class=\"Pargrafobsico\">Juntos somos mais fortes.<\/p>\n<\/div>\n","protected":false},"excerpt":{"rendered":"<p>Na \u00faltima semana, entre os dias 12 e 14 de dezembro, o presidente do SINPRF-SP, F\u00e1bio Lu\u00eds de Almeida, o Diretor Parlamentar M\u00e1rcio Pontes e o Diretor Parlamentar Suplente Ricardo Luiz Gomes, cumpriram uma agenda repleta de compromissos em Bras\u00edlia, contra a Reforma da Previd\u00eancia, PEC 287 e a MP 805\/2017. No dia 12, pela [&hellip;]<\/p>\n","protected":false},"author":3,"featured_media":13984,"comment_status":"closed","ping_status":"closed","sticky":false,"template":"","format":"standard","meta":{"footnotes":""},"categories":[41],"tags":[],"class_list":["post-13983","post","type-post","status-publish","format-standard","has-post-thumbnail","hentry","category-noticias-em-destaque"],"_links":{"self":[{"href":"https:\/\/sinprfsp.org.br\/index.php\/wp-json\/wp\/v2\/posts\/13983","targetHints":{"allow":["GET"]}}],"collection":[{"href":"https:\/\/sinprfsp.org.br\/index.php\/wp-json\/wp\/v2\/posts"}],"about":[{"href":"https:\/\/sinprfsp.org.br\/index.php\/wp-json\/wp\/v2\/types\/post"}],"author":[{"embeddable":true,"href":"https:\/\/sinprfsp.org.br\/index.php\/wp-json\/wp\/v2\/users\/3"}],"replies":[{"embeddable":true,"href":"https:\/\/sinprfsp.org.br\/index.php\/wp-json\/wp\/v2\/comments?post=13983"}],"version-history":[{"count":1,"href":"https:\/\/sinprfsp.org.br\/index.php\/wp-json\/wp\/v2\/posts\/13983\/revisions"}],"predecessor-version":[{"id":13985,"href":"https:\/\/sinprfsp.org.br\/index.php\/wp-json\/wp\/v2\/posts\/13983\/revisions\/13985"}],"wp:featuredmedia":[{"embeddable":true,"href":"https:\/\/sinprfsp.org.br\/index.php\/wp-json\/wp\/v2\/media\/13984"}],"wp:attachment":[{"href":"https:\/\/sinprfsp.org.br\/index.php\/wp-json\/wp\/v2\/media?parent=13983"}],"wp:term":[{"taxonomy":"category","embeddable":true,"href":"https:\/\/sinprfsp.org.br\/index.php\/wp-json\/wp\/v2\/categories?post=13983"},{"taxonomy":"post_tag","embeddable":true,"href":"https:\/\/sinprfsp.org.br\/index.php\/wp-json\/wp\/v2\/tags?post=13983"}],"curies":[{"name":"wp","href":"https:\/\/api.w.org\/{rel}","templated":true}]}}