{"id":13989,"date":"2017-12-08T11:45:35","date_gmt":"2017-12-08T13:45:35","guid":{"rendered":"https:\/\/mjtom.com.br\/site1\/?p=13989"},"modified":"2022-01-07T13:03:16","modified_gmt":"2022-01-07T16:03:16","slug":"o-trabalho-para-barrar-a-reforma-da-previdencia-nao-para","status":"publish","type":"post","link":"https:\/\/sinprfsp.org.br\/index.php\/2017\/12\/08\/o-trabalho-para-barrar-a-reforma-da-previdencia-nao-para\/","title":{"rendered":"O trabalho para barrar a Reforma da Previd\u00eancia n\u00e3o para"},"content":{"rendered":"<div class=\"descricao\">\n<p style=\"text-align: justify;\"><span style=\"font-family: arial,helvetica,sans-serif; font-size: medium;\">O Diretor Parlamentar do SINPRF-SP, Marcio Pontes, esteve hoje na sede do Diret\u00f3rio Estadual do Partido Solidariedade, onde pode tratar do apoio da bancada contra a Reforma da Previd\u00eancia: &#8220;O trabalho \u00e9 \u00e1rduo, mas temos que nos unir neste momento, cada um fazendo um pouco&#8230; Acredito que venceremos esta batalha&#8230;&#8221;<\/span><\/p>\n<p style=\"text-align: justify;\"><span style=\"font-family: arial,helvetica,sans-serif; font-size: medium;\">O Partido Solidariedade tem 14 Deputados na C\u00e2mara e desde o in\u00edcio do ano vinha se posicionando \u201cpor uma reforma mais justa para o trabalhador\u201d, inclusive apresentado emendas que tentavam reduzir as perdas de direitos. Com o acirramento do confronto a For\u00e7a Sindical passou a compor junto com as demais centrais sindicais, e levantar a bandeira contra as reformas.<\/span><\/p>\n<p style=\"text-align: justify;\"><span style=\"font-family: arial,helvetica,sans-serif; font-size: medium;\">A busca de apoio nos Diret\u00f3rios Estaduais \u00e9 uma forma de mostrar aos partidos que vamos pressionar nas bases, de onde vem os votos dos eleitores, fortalecendo nossa campanha de que&#8230; QUEM VOTAR A FAVOR DA REFORMA N\u00c3O SE REELEGER\u00c1!!!<\/span><\/p>\n<p style=\"text-align: justify;\"><strong><span style=\"font-family: arial,helvetica,sans-serif; font-size: medium;\">Semana do dia 11<\/span><\/strong><\/p>\n<p style=\"text-align: justify;\"><span style=\"font-family: arial,helvetica,sans-serif; font-size: medium;\">Para aumentar a press\u00e3o em Bras\u00edlia na pr\u00f3xima semana a FenaPRF convocou novamente todos os Sindicatos. S\u00e3o Paulo vai estar representado pelo Presidente F\u00e1bio e pelos Diretores Parlamentares Pontes e Gomes, que tem a miss\u00e3o minar a j\u00e1 corro\u00edda base de apoio do governo: sem os 308 votos necess\u00e1rios o governo n\u00e3o arriscar\u00e1 submeter a PEC ao voto em primeiro turno no dia 18, e, provavelmente, teremos conseguido adiar a medida para 2018, ano de elei\u00e7\u00e3o e onde nossos argumentos ficam mais fortes.<\/span><\/p>\n<p style=\"text-align: justify;\"><span style=\"font-family: arial,helvetica,sans-serif; font-size: medium;\">O SINPRF-SP reitera seu compromisso com a transpar\u00eancia, mantendo todo os sindicalizados \u00e0 par de cada movimenta\u00e7\u00e3o. Em um ano de trabalho, desde a apresenta\u00e7\u00e3o do projeto da \u201creforma\u201d ao Congresso, conseguimos avan\u00e7ar bastante, alterando o texto em rela\u00e7\u00e3o \u00e0 atividade policial, mas isso n\u00e3o basta, esta \u201creforma\u201d tem que ser combatida n\u00e3o s\u00f3 porque retira nossos mais justos direitos, mas porque \u00e9 tamb\u00e9m uma agress\u00e3o a todos os trabalhadores e servidores.<\/span><\/p>\n<p style=\"text-align: justify;\"><span style=\"font-family: arial,helvetica,sans-serif; font-size: medium;\">Estes avan\u00e7os s\u00e3o a prova de que<\/span><\/p>\n<p style=\"text-align: justify;\"><span style=\"font-family: arial,helvetica,sans-serif; font-size: medium;\">Juntos somos mais fortes.<\/span><\/p>\n<p style=\"text-align: justify;\"><span style=\"font-family: arial,helvetica,sans-serif; font-size: medium;\">\u00a0<\/span><\/p>\n<\/div>\n","protected":false},"excerpt":{"rendered":"<p>O Diretor Parlamentar do SINPRF-SP, Marcio Pontes, esteve hoje na sede do Diret\u00f3rio Estadual do Partido Solidariedade, onde pode tratar do apoio da bancada contra a Reforma da Previd\u00eancia: &#8220;O trabalho \u00e9 \u00e1rduo, mas temos que nos unir neste momento, cada um fazendo um pouco&#8230; Acredito que venceremos esta batalha&#8230;&#8221; O Partido Solidariedade tem 14 [&hellip;]<\/p>\n","protected":false},"author":3,"featured_media":13990,"comment_status":"closed","ping_status":"closed","sticky":false,"template":"","format":"standard","meta":{"footnotes":""},"categories":[41],"tags":[],"class_list":["post-13989","post","type-post","status-publish","format-standard","has-post-thumbnail","hentry","category-noticias-em-destaque"],"_links":{"self":[{"href":"https:\/\/sinprfsp.org.br\/index.php\/wp-json\/wp\/v2\/posts\/13989","targetHints":{"allow":["GET"]}}],"collection":[{"href":"https:\/\/sinprfsp.org.br\/index.php\/wp-json\/wp\/v2\/posts"}],"about":[{"href":"https:\/\/sinprfsp.org.br\/index.php\/wp-json\/wp\/v2\/types\/post"}],"author":[{"embeddable":true,"href":"https:\/\/sinprfsp.org.br\/index.php\/wp-json\/wp\/v2\/users\/3"}],"replies":[{"embeddable":true,"href":"https:\/\/sinprfsp.org.br\/index.php\/wp-json\/wp\/v2\/comments?post=13989"}],"version-history":[{"count":1,"href":"https:\/\/sinprfsp.org.br\/index.php\/wp-json\/wp\/v2\/posts\/13989\/revisions"}],"predecessor-version":[{"id":13991,"href":"https:\/\/sinprfsp.org.br\/index.php\/wp-json\/wp\/v2\/posts\/13989\/revisions\/13991"}],"wp:featuredmedia":[{"embeddable":true,"href":"https:\/\/sinprfsp.org.br\/index.php\/wp-json\/wp\/v2\/media\/13990"}],"wp:attachment":[{"href":"https:\/\/sinprfsp.org.br\/index.php\/wp-json\/wp\/v2\/media?parent=13989"}],"wp:term":[{"taxonomy":"category","embeddable":true,"href":"https:\/\/sinprfsp.org.br\/index.php\/wp-json\/wp\/v2\/categories?post=13989"},{"taxonomy":"post_tag","embeddable":true,"href":"https:\/\/sinprfsp.org.br\/index.php\/wp-json\/wp\/v2\/tags?post=13989"}],"curies":[{"name":"wp","href":"https:\/\/api.w.org\/{rel}","templated":true}]}}