{"id":13992,"date":"2017-12-06T11:45:38","date_gmt":"2017-12-06T13:45:38","guid":{"rendered":"https:\/\/mjtom.com.br\/site1\/?p=13992"},"modified":"2022-01-07T13:03:16","modified_gmt":"2022-01-07T16:03:16","slug":"confraternizacao-da-associacao-dos-prfs-em-registro-homenageia-prf-amadeu","status":"publish","type":"post","link":"https:\/\/sinprfsp.org.br\/index.php\/2017\/12\/06\/confraternizacao-da-associacao-dos-prfs-em-registro-homenageia-prf-amadeu\/","title":{"rendered":"Confraterniza\u00e7\u00e3o da Associa\u00e7\u00e3o dos PRFs em Registro homenageia PRF Amadeu"},"content":{"rendered":"<div class=\"descricao\">\n<p style=\"text-align: justify;\">A Associa\u00e7\u00e3o dos Policiais Rodovi\u00e1rios Federais de Registro (APRF- Regis) realizou neste \u00faltimo dia 02, confraterniza\u00e7\u00e3o entre seus associados.<\/p>\n<p style=\"text-align: justify;\">O evento homenageou o Policial Rodovi\u00e1rio Federal Amadeu, que se aposentou este ano, e dedicou 42 anos de trabalhos prestados \u00e0 PRF. \u201cHoje mais que merecido homenageamos nosso grande amigo Amadeu, que dedicou uma vida inteira \u00e0 PRF. Amadeu que esta nova etapa da sua vida te leve \u00e0 mais plena das felicidades\u201d, finaliza o presidente do SINPRF-SP, F\u00e1bio Lu\u00eds de Almeida.<\/p>\n<\/div>\n","protected":false},"excerpt":{"rendered":"<p>A Associa\u00e7\u00e3o dos Policiais Rodovi\u00e1rios Federais de Registro (APRF- Regis) realizou neste \u00faltimo dia 02, confraterniza\u00e7\u00e3o entre seus associados. O evento homenageou o Policial Rodovi\u00e1rio Federal Amadeu, que se aposentou este ano, e dedicou 42 anos de trabalhos prestados \u00e0 PRF. \u201cHoje mais que merecido homenageamos nosso grande amigo Amadeu, que dedicou uma vida inteira [&hellip;]<\/p>\n","protected":false},"author":3,"featured_media":13993,"comment_status":"closed","ping_status":"closed","sticky":false,"template":"","format":"standard","meta":{"footnotes":""},"categories":[1],"tags":[],"class_list":["post-13992","post","type-post","status-publish","format-standard","has-post-thumbnail","hentry","category-noticias-gerais"],"_links":{"self":[{"href":"https:\/\/sinprfsp.org.br\/index.php\/wp-json\/wp\/v2\/posts\/13992","targetHints":{"allow":["GET"]}}],"collection":[{"href":"https:\/\/sinprfsp.org.br\/index.php\/wp-json\/wp\/v2\/posts"}],"about":[{"href":"https:\/\/sinprfsp.org.br\/index.php\/wp-json\/wp\/v2\/types\/post"}],"author":[{"embeddable":true,"href":"https:\/\/sinprfsp.org.br\/index.php\/wp-json\/wp\/v2\/users\/3"}],"replies":[{"embeddable":true,"href":"https:\/\/sinprfsp.org.br\/index.php\/wp-json\/wp\/v2\/comments?post=13992"}],"version-history":[{"count":1,"href":"https:\/\/sinprfsp.org.br\/index.php\/wp-json\/wp\/v2\/posts\/13992\/revisions"}],"predecessor-version":[{"id":13994,"href":"https:\/\/sinprfsp.org.br\/index.php\/wp-json\/wp\/v2\/posts\/13992\/revisions\/13994"}],"wp:featuredmedia":[{"embeddable":true,"href":"https:\/\/sinprfsp.org.br\/index.php\/wp-json\/wp\/v2\/media\/13993"}],"wp:attachment":[{"href":"https:\/\/sinprfsp.org.br\/index.php\/wp-json\/wp\/v2\/media?parent=13992"}],"wp:term":[{"taxonomy":"category","embeddable":true,"href":"https:\/\/sinprfsp.org.br\/index.php\/wp-json\/wp\/v2\/categories?post=13992"},{"taxonomy":"post_tag","embeddable":true,"href":"https:\/\/sinprfsp.org.br\/index.php\/wp-json\/wp\/v2\/tags?post=13992"}],"curies":[{"name":"wp","href":"https:\/\/api.w.org\/{rel}","templated":true}]}}