{"id":14006,"date":"2017-11-30T11:47:00","date_gmt":"2017-11-30T13:47:00","guid":{"rendered":"https:\/\/mjtom.com.br\/site1\/?p=14006"},"modified":"2022-01-07T13:03:16","modified_gmt":"2022-01-07T16:03:16","slug":"errata","status":"publish","type":"post","link":"https:\/\/sinprfsp.org.br\/index.php\/2017\/11\/30\/errata\/","title":{"rendered":"ERRATA"},"content":{"rendered":"<div class=\"descricao\">\n<p align=\"center\"><span style=\"font-size: large;\"><strong>ERRATA<\/strong><\/span><\/p>\n<p style=\"text-align: justify;\"><span style=\"font-size: medium;\">Diferentemente do que foi publicado em 28\/11, no informativo eletr\u00f4nico do SINPRF-SP, na mat\u00e9ria intitulada \u201cNesta sexta-feira, 1\u00ba de Dezembro ser\u00e1 retomada a AGE do SINPRF-SP\u201d, o local onde ser\u00e1 realizada a Assembleia Geral Extraordin\u00e1ria, nesta sexta-feira, 1\u00ba de Dezembro,<strong> n\u00e3o ser\u00e1<\/strong> a sede do DNIT <strong>e sim<\/strong> a <strong>sede do Sindicato dos Policiais Rodovi\u00e1rios Federais no Estado de S\u00e3o Paulo, situada \u00e0 Rua Soldado Bras\u00edlio Pinto de Almeida, 455, Parque Novo Mundo &#8211; SP.<\/strong><\/span><\/p>\n<p style=\"text-align: justify;\"><span style=\"font-size: medium;\"><strong>Conforme segue edital de convoca\u00e7\u00e3o:<\/strong><\/span><\/p>\n<p style=\"text-align: justify;\"><span style=\"font-size: medium;\"><strong>\u00a0<\/strong><\/span><\/p>\n<p style=\"text-align: center;\"><span style=\"font-size: large;\"><strong>EDITAL DE CONVOCA\u00c7\u00c3O PARA REABERTURA DE ASSEMBLEIA GERAL EXTRAORDIN\u00c1RIA<\/strong><\/span><\/p>\n<p style=\"text-align: justify;\"><span style=\"font-size: medium;\">\u00a0 \u00a0 \u00a0<strong>O Presidente do Sindicato dos Policiais Rodovi\u00e1rios Federais no Estado de S\u00e3o Paulo \u2013 SINPRF-SP<\/strong>, de acordo com as normas Estatut\u00e1rias, e considerando as delibera\u00e7\u00f5es da Assembleia Geral Extraordin\u00e1ria, iniciada no dia 23 de novembro de 2017, e que foi suspensa conforme delibera\u00e7\u00e3o da pr\u00f3pria,\u00a0<strong>convoca os filiados para a reabertura dos trabalhos em 01 de dezembro de 2017, \u00e0s 10h00 em primeira convoca\u00e7\u00e3o<\/strong>\u00a0com qu\u00f3rum de cinquenta por cento mais um dos filiados,\u00a0<strong>ou \u00e0s 10h30, em segunda e \u00faltima convoca\u00e7\u00e3o com qualquer n\u00famero<\/strong>, para prosseguimento da mesma pauta.<\/span><\/p>\n<p style=\"text-align: justify;\"><span style=\"font-size: medium;\">\u00a0 \u00a0 \u00a0Em virtude do local onde ocorreu a abertura da assembleia n\u00e3o estar mais dispon\u00edvel,\u00a0<strong>a AGE ser\u00e1 realizada na sede do Sindicato dos Policiais Rodovi\u00e1rios Federais no Estado de S\u00e3o Paulo \u2013 SINPRF-SP<\/strong>, situada a Rua Soldado Brasilio Pinto de Almeida, 455 \u2013 Parque Novo Mundo &#8211; SP.<\/span><\/p>\n<p><span style=\"font-size: medium;\">\u00a0<\/span><\/p>\n<p align=\"center\"><span style=\"font-size: medium;\">S\u00e3o Paulo, 27 de novembro de 2017.<\/span><\/p>\n<p align=\"center\"><span style=\"font-size: medium;\">\u00a0<\/span><\/p>\n<p align=\"center\"><span style=\"font-size: medium;\"><strong>F\u00c1BIO LU\u00cdS DE ALMEIDA<\/strong><\/span><\/p>\n<p align=\"center\"><span style=\"font-size: small;\"><strong>Presidente do SINPRF-SP<\/strong><\/span><\/p>\n<\/div>\n","protected":false},"excerpt":{"rendered":"<p>ERRATA Diferentemente do que foi publicado em 28\/11, no informativo eletr\u00f4nico do SINPRF-SP, na mat\u00e9ria intitulada \u201cNesta sexta-feira, 1\u00ba de Dezembro ser\u00e1 retomada a AGE do SINPRF-SP\u201d, o local onde ser\u00e1 realizada a Assembleia Geral Extraordin\u00e1ria, nesta sexta-feira, 1\u00ba de Dezembro, n\u00e3o ser\u00e1 a sede do DNIT e sim a sede do Sindicato dos Policiais [&hellip;]<\/p>\n","protected":false},"author":3,"featured_media":14007,"comment_status":"closed","ping_status":"closed","sticky":false,"template":"","format":"standard","meta":{"footnotes":""},"categories":[41],"tags":[],"class_list":["post-14006","post","type-post","status-publish","format-standard","has-post-thumbnail","hentry","category-noticias-em-destaque"],"_links":{"self":[{"href":"https:\/\/sinprfsp.org.br\/index.php\/wp-json\/wp\/v2\/posts\/14006","targetHints":{"allow":["GET"]}}],"collection":[{"href":"https:\/\/sinprfsp.org.br\/index.php\/wp-json\/wp\/v2\/posts"}],"about":[{"href":"https:\/\/sinprfsp.org.br\/index.php\/wp-json\/wp\/v2\/types\/post"}],"author":[{"embeddable":true,"href":"https:\/\/sinprfsp.org.br\/index.php\/wp-json\/wp\/v2\/users\/3"}],"replies":[{"embeddable":true,"href":"https:\/\/sinprfsp.org.br\/index.php\/wp-json\/wp\/v2\/comments?post=14006"}],"version-history":[{"count":1,"href":"https:\/\/sinprfsp.org.br\/index.php\/wp-json\/wp\/v2\/posts\/14006\/revisions"}],"predecessor-version":[{"id":14008,"href":"https:\/\/sinprfsp.org.br\/index.php\/wp-json\/wp\/v2\/posts\/14006\/revisions\/14008"}],"wp:featuredmedia":[{"embeddable":true,"href":"https:\/\/sinprfsp.org.br\/index.php\/wp-json\/wp\/v2\/media\/14007"}],"wp:attachment":[{"href":"https:\/\/sinprfsp.org.br\/index.php\/wp-json\/wp\/v2\/media?parent=14006"}],"wp:term":[{"taxonomy":"category","embeddable":true,"href":"https:\/\/sinprfsp.org.br\/index.php\/wp-json\/wp\/v2\/categories?post=14006"},{"taxonomy":"post_tag","embeddable":true,"href":"https:\/\/sinprfsp.org.br\/index.php\/wp-json\/wp\/v2\/tags?post=14006"}],"curies":[{"name":"wp","href":"https:\/\/api.w.org\/{rel}","templated":true}]}}