{"id":14035,"date":"2017-11-19T11:48:41","date_gmt":"2017-11-19T13:48:41","guid":{"rendered":"https:\/\/mjtom.com.br\/site1\/?p=14035"},"modified":"2022-01-07T13:03:16","modified_gmt":"2022-01-07T16:03:16","slug":"prfs-e-sindicatos-realizam-grande-ato-contra-a-reforma-da-previdencia","status":"publish","type":"post","link":"https:\/\/sinprfsp.org.br\/index.php\/2017\/11\/19\/prfs-e-sindicatos-realizam-grande-ato-contra-a-reforma-da-previdencia\/","title":{"rendered":"PRFs e sindicatos realizam grande ato contra a reforma da previd\u00eancia"},"content":{"rendered":"<div class=\"descricao\">\n<p class=\"Pargrafobsico\"><span>Os PRFs de S\u00e3o Paulo juntamente com o SINPRF-SP, aproveitando o fato da categoria estar reunida na VIII Edi\u00e7\u00e3o dos Jogos de Integra\u00e7\u00e3o dos Policiais Rodovi\u00e1rios Federais, realizaram no \u00faltimo dia 08, uma grande mobiliza\u00e7\u00e3o contra os ataques do governo federal \u00e0 categoria, em Florian\u00f3polis.<\/span><\/p>\n<p class=\"Pargrafobsico\"><span>O ato que se iniciou em frente \u00e0 8\u00aa Superintend\u00eancia da PRF e foi at\u00e9 a Assembleia do Estado de Santa Catarina, contou com a participa\u00e7\u00e3o de aproximadamente 1,5 mil pessoas entre PRFs, familiares, auditores e funcion\u00e1rios da Receita Federal.<\/span><\/p>\n<p class=\"Pargrafobsico\"><span>Munidos de v\u00e1rias faixas e fazendo uso de palavras de ordem, os PRFs deram seu recado de que n\u00e3o votar\u00e3o em quem votar a favor da reforma da previd\u00eancia.<\/span><\/p>\n<p class=\"Pargrafobsico\"><span>Segundo o presidente do SINPRF-SP, F\u00e1bio Lu\u00eds de Almeida neste momento \u00e9 de suma import\u00e2ncia a uni\u00e3o de toda a sociedade brasileira em defesa de seus direitos. \u201cVamos deixar claro aos deputados que n\u00e3o votaremos em quem votar a favor da reforma da previd\u00eancia e devemos repassar essa campanha aos nossos amigos e familiares, pois nossos parlamentares s\u00e3o eleitos para defenderem os nossos direitos, n\u00e3o os devaneios de um governo arbitr\u00e1rio\u201d, disse.<\/span><\/p>\n<\/div>\n","protected":false},"excerpt":{"rendered":"<p>Os PRFs de S\u00e3o Paulo juntamente com o SINPRF-SP, aproveitando o fato da categoria estar reunida na VIII Edi\u00e7\u00e3o dos Jogos de Integra\u00e7\u00e3o dos Policiais Rodovi\u00e1rios Federais, realizaram no \u00faltimo dia 08, uma grande mobiliza\u00e7\u00e3o contra os ataques do governo federal \u00e0 categoria, em Florian\u00f3polis. O ato que se iniciou em frente \u00e0 8\u00aa Superintend\u00eancia [&hellip;]<\/p>\n","protected":false},"author":3,"featured_media":14036,"comment_status":"closed","ping_status":"closed","sticky":false,"template":"","format":"standard","meta":{"footnotes":""},"categories":[41],"tags":[],"class_list":["post-14035","post","type-post","status-publish","format-standard","has-post-thumbnail","hentry","category-noticias-em-destaque"],"_links":{"self":[{"href":"https:\/\/sinprfsp.org.br\/index.php\/wp-json\/wp\/v2\/posts\/14035","targetHints":{"allow":["GET"]}}],"collection":[{"href":"https:\/\/sinprfsp.org.br\/index.php\/wp-json\/wp\/v2\/posts"}],"about":[{"href":"https:\/\/sinprfsp.org.br\/index.php\/wp-json\/wp\/v2\/types\/post"}],"author":[{"embeddable":true,"href":"https:\/\/sinprfsp.org.br\/index.php\/wp-json\/wp\/v2\/users\/3"}],"replies":[{"embeddable":true,"href":"https:\/\/sinprfsp.org.br\/index.php\/wp-json\/wp\/v2\/comments?post=14035"}],"version-history":[{"count":1,"href":"https:\/\/sinprfsp.org.br\/index.php\/wp-json\/wp\/v2\/posts\/14035\/revisions"}],"predecessor-version":[{"id":14037,"href":"https:\/\/sinprfsp.org.br\/index.php\/wp-json\/wp\/v2\/posts\/14035\/revisions\/14037"}],"wp:featuredmedia":[{"embeddable":true,"href":"https:\/\/sinprfsp.org.br\/index.php\/wp-json\/wp\/v2\/media\/14036"}],"wp:attachment":[{"href":"https:\/\/sinprfsp.org.br\/index.php\/wp-json\/wp\/v2\/media?parent=14035"}],"wp:term":[{"taxonomy":"category","embeddable":true,"href":"https:\/\/sinprfsp.org.br\/index.php\/wp-json\/wp\/v2\/categories?post=14035"},{"taxonomy":"post_tag","embeddable":true,"href":"https:\/\/sinprfsp.org.br\/index.php\/wp-json\/wp\/v2\/tags?post=14035"}],"curies":[{"name":"wp","href":"https:\/\/api.w.org\/{rel}","templated":true}]}}