{"id":14061,"date":"2017-11-05T11:50:19","date_gmt":"2017-11-05T13:50:19","guid":{"rendered":"https:\/\/mjtom.com.br\/site1\/?p=14061"},"modified":"2022-01-07T13:03:16","modified_gmt":"2022-01-07T16:03:16","slug":"prf-tera-semana-de-luta-contra-os-ataques-aos-servidores","status":"publish","type":"post","link":"https:\/\/sinprfsp.org.br\/index.php\/2017\/11\/05\/prf-tera-semana-de-luta-contra-os-ataques-aos-servidores\/","title":{"rendered":"PRF ter\u00e1 semana de Luta contra os ataques aos servidores"},"content":{"rendered":"<div class=\"descricao\">\n<p style=\"text-align: justify;\"><span style=\"font-family: arial,helvetica,sans-serif; font-size: medium;\">O SINPRF-SP, unido a centenas de sindicatos de todo o Brasil, conclama para uma semana de trabalho na constru\u00e7\u00e3o deste dia 10 de Novembro como um Dia Nacional de Luta contra a tentativa de retirada de direitos pelo governo Temer: cada PRF, cada servidor p\u00fablico, cada cidad\u00e3o precisa entender que somente a participa\u00e7\u00e3o ativa na vida pol\u00edtica da na\u00e7\u00e3o poder\u00e1 refrear os ataques aos trabalhadores.<\/span><\/p>\n<p style=\"text-align: justify;\"><span style=\"font-family: arial,helvetica,sans-serif; font-size: medium;\">A grande imprensa tenta gerar uma desconfian\u00e7a da popula\u00e7\u00e3o contra os sindicatos, acusa as entidades de estarem acuadas, insinua que est\u00e3o silentes e que s\u00e3o coniventes, mas \u00e9 esta mesma imprensa, que vive das verbas da propaganda oficial, que faz a propaganda das reformas, todos os dias, por todos os meios. Em quem acreditar? Na m\u00eddia que diz que as reformas s\u00e3o necess\u00e1rias e que os sindicatos est\u00e3o vendidos? Ou nos pr\u00f3prios colegas que, em cada categoria, tem feito aos poucos ruir esta farsa?<\/span><\/p>\n<p style=\"text-align: justify;\"><span style=\"font-family: arial,helvetica,sans-serif; font-size: medium;\">Cada um sabe a resposta.<\/span><\/p>\n<p style=\"text-align: justify;\"><span style=\"font-family: arial,helvetica,sans-serif; font-size: medium;\">Vamos intensificar a luta em rep\u00fadio \u00e0 fragiliza\u00e7\u00e3o do servi\u00e7o p\u00fablico e ao enfraquecimento da PRF. A Mobiliza\u00e7\u00e3o Nacional \u00e9 necess\u00e1ria para demonstrarmos a for\u00e7a e a uni\u00e3o dos servidores e atuarmos contra as medidas anunciadas pelo governo federal, e o dia 10 ser\u00e1 importante para impulsionar a sociedade na constru\u00e7\u00e3o de um novo dia de Greve Geral.<\/span><\/p>\n<p style=\"text-align: justify;\">\u00a0<\/p>\n<p style=\"text-align: justify;\"><span style=\"font-family: arial,helvetica,sans-serif; font-size: medium;\">No Dia de Mobiliza\u00e7\u00e3o Nacional vamos lutar contra as medidas que afrontam direitos dos servidores. Entre elas:<\/span><\/p>\n<p style=\"text-align: justify;\">\u00a0<\/p>\n<p style=\"text-align: justify; padding-left: 90px;\"><span style=\"font-family: arial,helvetica,sans-serif; font-size: medium;\">&#8211; A Medida Provis\u00f3ria 805, que adia para 2019 a pr\u00f3xima parcela da recomposi\u00e7\u00e3o salarial que seria paga em janeiro de 2018;<\/span><\/p>\n<p style=\"text-align: justify; padding-left: 90px;\"><span style=\"font-family: arial,helvetica,sans-serif; font-size: medium;\">&#8211; A eleva\u00e7\u00e3o de 11% para 14% da contribui\u00e7\u00e3o previdenci\u00e1ria dos servidores;<\/span><\/p>\n<p style=\"text-align: justify; padding-left: 90px;\"><span style=\"font-family: arial,helvetica,sans-serif; font-size: medium;\">&#8211; O Programa de Desligamento Volunt\u00e1rio (PDV) no Executivo Federal;<\/span><\/p>\n<p style=\"text-align: justify; padding-left: 90px;\"><span style=\"font-family: arial,helvetica,sans-serif; font-size: medium;\">&#8211; A proposta que visa limitar em R$ 5 mil os vencimentos iniciais de diversas carreiras do servi\u00e7o p\u00fablico;<\/span><\/p>\n<p style=\"text-align: justify; padding-left: 90px;\"><span style=\"font-family: arial,helvetica,sans-serif; font-size: medium;\">&#8211; A amplia\u00e7\u00e3o para 30 n\u00edveis das tabelas de progress\u00e3o;<\/span><\/p>\n<p style=\"text-align: justify; padding-left: 90px;\"><span style=\"font-family: arial,helvetica,sans-serif; font-size: medium;\">&#8211; O Projeto de Lei do Senado 116\/2017, que permite a demiss\u00e3o de servidores est\u00e1veis por insufici\u00eancia de desempenho;<\/span><\/p>\n<p style=\"text-align: justify; padding-left: 90px;\"><span style=\"font-family: arial,helvetica,sans-serif; font-size: medium;\">&#8211; A Proposta de Emenda \u00e0 Constitui\u00e7\u00e3o (PEC) 287\/2016, da reforma da Previd\u00eancia, que dificultar\u00e1 o acesso \u00e0 aposentadoria para todos os trabalhadores do Pa\u00eds;<\/span><\/p>\n<p style=\"text-align: justify; padding-left: 90px;\"><span style=\"font-family: arial,helvetica,sans-serif; font-size: medium;\">&#8211; A extin\u00e7\u00e3o de 60 mil cargos vagos do Executivo Federal<\/span><\/p>\n<p style=\"text-align: justify;\"><span style=\"font-family: arial,helvetica,sans-serif; font-size: medium;\">\u00a0<\/span><\/p>\n<p style=\"text-align: justify;\"><span style=\"font-family: arial,helvetica,sans-serif; font-size: medium;\">Os PRFs organizados em seu Sistema Sindical, que em 2015\/2016 conseguiu arrancar do governo uma recomposi\u00e7\u00e3o salarial que atenuaria as perdas acumuladas nos \u00faltimos anos em uma campanha vitoriosa em meio \u00e0 adversidade do momento, mais uma vez, mostra a sua for\u00e7a e a sua capacidade de rea\u00e7\u00e3o.<\/span><\/p>\n<p style=\"text-align: justify;\"><span style=\"font-family: arial,helvetica,sans-serif; font-size: medium;\">Em menos de tr\u00eas dias da publica\u00e7\u00e3o da MP 805 temos, dentre outras atitudes:<\/span><\/p>\n<p style=\"text-align: justify;\"><span style=\"font-family: arial,helvetica,sans-serif; font-size: medium;\">\u00a0<\/span><\/p>\n<p style=\"text-align: justify; padding-left: 90px;\"><span style=\"font-family: arial,helvetica,sans-serif; font-size: medium;\">1) Duas A\u00e7\u00f5es Judiciais contra a MP 805 em fase de coleta de procura\u00e7\u00f5es dos SinPRFs.<\/span><\/p>\n<p style=\"text-align: justify; padding-left: 90px;\"><span style=\"font-family: arial,helvetica,sans-serif; font-size: medium;\">2) Duas Emendas ao texto da MP 805 propostas pelo Presidente da Frente Parlamentar em Defesa da PRF, dep. Hugo Leal.<\/span><\/p>\n<p style=\"text-align: justify; padding-left: 90px;\"><span style=\"font-family: arial,helvetica,sans-serif; font-size: medium;\">3) Uma Emenda ao texto da MP 805 proposta pelo Senador PRF Jos\u00e9 Medeiros.<\/span><\/p>\n<p style=\"text-align: justify; padding-left: 90px;\"><span style=\"font-family: arial,helvetica,sans-serif; font-size: medium;\">4) Participa\u00e7\u00e3o em encontros e congressos de diversas Centrais Sindicais, onde foi convocado o Dia Nacional de Mobiliza\u00e7\u00e3o no dia 10\/11 para a constru\u00e7\u00e3o de uma nova GREVE GERAL.<\/span><\/p>\n<p style=\"text-align: justify; padding-left: 90px;\"><span style=\"font-family: arial,helvetica,sans-serif; font-size: medium;\">5) Organiza\u00e7\u00e3o de mobiliza\u00e7\u00f5es sindicais para o dia 08 de novembro, quarta-feira, em Florian\u00f3polis\/SC, por ocasi\u00e3o dos Jogos de Integra\u00e7\u00e3o Centro-Sul- Sudeste.<\/span><\/p>\n<p style=\"text-align: justify; padding-left: 90px;\"><span style=\"font-family: arial,helvetica,sans-serif; font-size: medium;\">6) Mobiliza\u00e7\u00e3o dos SinPRFs e da FenaPRF para aumentar o engajamento da BASE PRF nas atitudes coletivas necess\u00e1rias ao enfrentamento do PACOTE DE MALDADES TEMER.<\/span><\/p>\n<p style=\"text-align: justify;\"><span style=\"font-family: arial,helvetica,sans-serif; font-size: medium;\">\u00a0<\/span><\/p>\n<p style=\"text-align: justify;\"><span style=\"font-family: arial,helvetica,sans-serif; font-size: medium;\">Os canais que comunica\u00e7\u00e3o do SINPRF-SP continuam permanentemente abertos, e agora mais do que nunca. A troca de ideias, de informa\u00e7\u00f5es, o contato permanente vai permitir que estejamos juntos em cada passo.<\/span><\/p>\n<p style=\"text-align: justify;\"><span style=\"font-family: arial,helvetica,sans-serif; font-size: medium;\">\u00a0<\/span><\/p>\n<p style=\"margin-bottom: 0cm; line-height: 100%;\" align=\"justify\">\n<p style=\"margin-bottom: 0cm; line-height: 100%;\" align=\"justify\">\u00a0<\/p>\n<\/div>\n","protected":false},"excerpt":{"rendered":"<p>O SINPRF-SP, unido a centenas de sindicatos de todo o Brasil, conclama para uma semana de trabalho na constru\u00e7\u00e3o deste dia 10 de Novembro como um Dia Nacional de Luta contra a tentativa de retirada de direitos pelo governo Temer: cada PRF, cada servidor p\u00fablico, cada cidad\u00e3o precisa entender que somente a participa\u00e7\u00e3o ativa na [&hellip;]<\/p>\n","protected":false},"author":3,"featured_media":14062,"comment_status":"closed","ping_status":"closed","sticky":false,"template":"","format":"standard","meta":{"footnotes":""},"categories":[41],"tags":[],"class_list":["post-14061","post","type-post","status-publish","format-standard","has-post-thumbnail","hentry","category-noticias-em-destaque"],"_links":{"self":[{"href":"https:\/\/sinprfsp.org.br\/index.php\/wp-json\/wp\/v2\/posts\/14061","targetHints":{"allow":["GET"]}}],"collection":[{"href":"https:\/\/sinprfsp.org.br\/index.php\/wp-json\/wp\/v2\/posts"}],"about":[{"href":"https:\/\/sinprfsp.org.br\/index.php\/wp-json\/wp\/v2\/types\/post"}],"author":[{"embeddable":true,"href":"https:\/\/sinprfsp.org.br\/index.php\/wp-json\/wp\/v2\/users\/3"}],"replies":[{"embeddable":true,"href":"https:\/\/sinprfsp.org.br\/index.php\/wp-json\/wp\/v2\/comments?post=14061"}],"version-history":[{"count":1,"href":"https:\/\/sinprfsp.org.br\/index.php\/wp-json\/wp\/v2\/posts\/14061\/revisions"}],"predecessor-version":[{"id":14063,"href":"https:\/\/sinprfsp.org.br\/index.php\/wp-json\/wp\/v2\/posts\/14061\/revisions\/14063"}],"wp:featuredmedia":[{"embeddable":true,"href":"https:\/\/sinprfsp.org.br\/index.php\/wp-json\/wp\/v2\/media\/14062"}],"wp:attachment":[{"href":"https:\/\/sinprfsp.org.br\/index.php\/wp-json\/wp\/v2\/media?parent=14061"}],"wp:term":[{"taxonomy":"category","embeddable":true,"href":"https:\/\/sinprfsp.org.br\/index.php\/wp-json\/wp\/v2\/categories?post=14061"},{"taxonomy":"post_tag","embeddable":true,"href":"https:\/\/sinprfsp.org.br\/index.php\/wp-json\/wp\/v2\/tags?post=14061"}],"curies":[{"name":"wp","href":"https:\/\/api.w.org\/{rel}","templated":true}]}}