{"id":14067,"date":"2017-11-30T11:50:26","date_gmt":"2017-11-30T13:50:26","guid":{"rendered":"https:\/\/mjtom.com.br\/site1\/?p=14067"},"modified":"2022-01-07T13:03:16","modified_gmt":"2022-01-07T16:03:16","slug":"sinprf-sp-e-6asrprf-se-unem-em-busca-de-melhorias-para-prf","status":"publish","type":"post","link":"https:\/\/sinprfsp.org.br\/index.php\/2017\/11\/30\/sinprf-sp-e-6asrprf-se-unem-em-busca-de-melhorias-para-prf\/","title":{"rendered":"SINPRF-SP e 6\u00aaSRPRF se unem em busca de melhorias para PRF"},"content":{"rendered":"<div class=\"descricao\">\n<p class=\"Pargrafobsico\">Representando a diretoria do SINPRF-SP, o Diretor Parlamentar, M\u00e1rcio Pontes, participou de reuni\u00e3o com o deputado federal Roberto Alves (PRB-SP), integrante da Frente Parlamentar em Defesa da Pol\u00edcia Rodovi\u00e1ria Federal, no \u00faltimo dia 20, no escrit\u00f3rio do parlamentar em Campinas.<\/p>\n<p class=\"Pargrafobsico\">O encontro que tamb\u00e9m contou com a participa\u00e7\u00e3o do Superintendente da PRF em S\u00e3o Paulo, Inspetor Valmir Cordelli; do Superintendente Substituto, Luciano Fernandes; do Assessor Parlamentar da PRF-SP, Celso Fernandez e do Presidente da Comiss\u00e3o de Direitos Humanos da PRF-SP, Marcelo Gondim, teve como pauta o trabalho realizado pela PRF no combate \u00e0 explora\u00e7\u00e3o sexual de crian\u00e7as e adolescentes, por meio de projetos como o Mapear, bem como a import\u00e2ncia da destina\u00e7\u00e3o de verbas parlamentares para institui\u00e7\u00e3o.<\/p>\n<p class=\"Pargrafobsico\">Neste sentido Roberto Alves se prontificou em apresentar emendas parlamentares para a destina\u00e7\u00e3o de verbas para a PRF de S\u00e3o Paulo. \u201cMinha luta ser\u00e1 para destinarmos verbas que possam ser utilizadas tanto em constru\u00e7\u00e3o, reforma, quanto na \u00e1rea operacional, para a compra de viaturas ou equipamentos, pois precisamos valorizar a pol\u00edcia mais atuante no combate \u00e0 explora\u00e7\u00e3o sexual de crian\u00e7as e adolescentes\u201d, explicou o parlamentar.<\/p>\n<p>Segundo M\u00e1rcio Pontes, outra solicita\u00e7\u00e3o apresentada ao deputado federal foi a necessidade de aumento do efetivo em S\u00e3o Paulo. \u201cAproximadamente 50% do PIB brasileiro \u00e9 transportado pela rodovia Presidente Dutra e solicitamos apoio ao deputado Roberto Alves para que nos pr\u00f3ximos concursos, o estado de S\u00e3o Paulo receba uma aten\u00e7\u00e3o especial na destina\u00e7\u00e3o de vagas, para que possamos suprir nossa car\u00eancia de efetivo\u201d, disse.<\/p>\n<\/div>\n","protected":false},"excerpt":{"rendered":"<p>Representando a diretoria do SINPRF-SP, o Diretor Parlamentar, M\u00e1rcio Pontes, participou de reuni\u00e3o com o deputado federal Roberto Alves (PRB-SP), integrante da Frente Parlamentar em Defesa da Pol\u00edcia Rodovi\u00e1ria Federal, no \u00faltimo dia 20, no escrit\u00f3rio do parlamentar em Campinas. O encontro que tamb\u00e9m contou com a participa\u00e7\u00e3o do Superintendente da PRF em S\u00e3o Paulo, [&hellip;]<\/p>\n","protected":false},"author":3,"featured_media":14068,"comment_status":"closed","ping_status":"closed","sticky":false,"template":"","format":"standard","meta":{"footnotes":""},"categories":[41],"tags":[],"class_list":["post-14067","post","type-post","status-publish","format-standard","has-post-thumbnail","hentry","category-noticias-em-destaque"],"_links":{"self":[{"href":"https:\/\/sinprfsp.org.br\/index.php\/wp-json\/wp\/v2\/posts\/14067","targetHints":{"allow":["GET"]}}],"collection":[{"href":"https:\/\/sinprfsp.org.br\/index.php\/wp-json\/wp\/v2\/posts"}],"about":[{"href":"https:\/\/sinprfsp.org.br\/index.php\/wp-json\/wp\/v2\/types\/post"}],"author":[{"embeddable":true,"href":"https:\/\/sinprfsp.org.br\/index.php\/wp-json\/wp\/v2\/users\/3"}],"replies":[{"embeddable":true,"href":"https:\/\/sinprfsp.org.br\/index.php\/wp-json\/wp\/v2\/comments?post=14067"}],"version-history":[{"count":1,"href":"https:\/\/sinprfsp.org.br\/index.php\/wp-json\/wp\/v2\/posts\/14067\/revisions"}],"predecessor-version":[{"id":14069,"href":"https:\/\/sinprfsp.org.br\/index.php\/wp-json\/wp\/v2\/posts\/14067\/revisions\/14069"}],"wp:featuredmedia":[{"embeddable":true,"href":"https:\/\/sinprfsp.org.br\/index.php\/wp-json\/wp\/v2\/media\/14068"}],"wp:attachment":[{"href":"https:\/\/sinprfsp.org.br\/index.php\/wp-json\/wp\/v2\/media?parent=14067"}],"wp:term":[{"taxonomy":"category","embeddable":true,"href":"https:\/\/sinprfsp.org.br\/index.php\/wp-json\/wp\/v2\/categories?post=14067"},{"taxonomy":"post_tag","embeddable":true,"href":"https:\/\/sinprfsp.org.br\/index.php\/wp-json\/wp\/v2\/tags?post=14067"}],"curies":[{"name":"wp","href":"https:\/\/api.w.org\/{rel}","templated":true}]}}