{"id":14070,"date":"2017-11-30T11:50:30","date_gmt":"2017-11-30T13:50:30","guid":{"rendered":"https:\/\/mjtom.com.br\/site1\/?p=14070"},"modified":"2022-01-07T13:03:16","modified_gmt":"2022-01-07T16:03:16","slug":"sinprf-sp-participa-de-congresso-da-csb-e-assume-diretoria-estadual-de-seguranca-publica","status":"publish","type":"post","link":"https:\/\/sinprfsp.org.br\/index.php\/2017\/11\/30\/sinprf-sp-participa-de-congresso-da-csb-e-assume-diretoria-estadual-de-seguranca-publica\/","title":{"rendered":"SINPRF-SP participa de Congresso da CSB e assume diretoria estadual de Seguran\u00e7a P\u00fablica"},"content":{"rendered":"<div class=\"descricao\">\n<p class=\"Pargrafobsico\">O presidente do SINPRF-SP e presidente da Secretaria de Pol\u00edticas Sindicais para a \u00e1rea da Seguran\u00e7a P\u00fablica da Central dos Sindicatos Brasileiros (CSB), F\u00e1bio Lu\u00eds de Almeida, o Vice-Presidente do SINPRF-SP Ot\u00e1vio Jos\u00e9 Cardoso e o Delegado Representante na FenaPRF, Marcos Viana participaram do Congresso Estadual da CSB, realizado em S\u00e3o Paulo, entre os dias 24 e 27 de outubro, que reuniu 108 entidades sindicais e 446 congressistas.<\/p>\n<p class=\"Pargrafobsico\">Com o objetivo de tra\u00e7ar estrat\u00e9gias no enfrentamento contra os retrocessos trabalhistas, o evento contou em sua cerim\u00f4nia de abertura, com a palestra \u201cPol\u00edtica de Desenvolvimento Nacional\u201d, ministrada pelo ex-ministro e ex-governador do Cear\u00e1, Ciro Gomes.<\/p>\n<p class=\"Pargrafobsico\">Economistas, historiadores, juristas, pol\u00edticos e professores debateram quest\u00f5es como desenvolvimento nacional, sindicalismo e hist\u00f3ria, economia e negocia\u00e7\u00e3o coletiva.<\/p>\n<p class=\"Pargrafobsico\">Para F\u00e1bio Almeida, a realiza\u00e7\u00e3o de congressos como este possibilita aos dirigentes sindicais debaterem sobre as dificuldades que est\u00e3o sendo enfrentadas pelos trabalhadores, bem como encontrar os melhores caminhos para venc\u00ea-las. \u201cEventos como este nos possibilita debater sobre estes assuntos que est\u00e3o em voga, bem como sobre os instrumentos necess\u00e1rios para que sejamos capazes de enfrentar essa crescente e devastadora onda de retrocessos de direitos, al\u00e9m de nos mostrar novos caminhos em nossa luta.<\/p>\n<p class=\"Pargrafobsico\"><strong>Elei\u00e7\u00e3o da Diretoria Regional da CSB em S\u00e3o Paulo<\/strong><\/p>\n<p class=\"Pargrafobsico\">Al\u00e9m da formula\u00e7\u00e3o das estrat\u00e9gias necess\u00e1rias para o combate aos devaneios do governo em rela\u00e7\u00e3o aos direitos trabalhistas, a CSB realizou a elei\u00e7\u00e3o de suas diretorias regionais.<\/p>\n<p class=\"Pargrafobsico\">Na secional de S\u00e3o Paulo, o SINPRF-SP assumiu a Diretoria de Seguran\u00e7a P\u00fablica da Executiva Estadual da CSB.\u00a0 Na ocasi\u00e3o, o vice-presidente do SINPRF-SP, Ot\u00e1vio Jos\u00e9 Cardoso e o Delegado Representante Marcos Viana foram eleitos secret\u00e1rios para o mandato 2017\/2022.<\/p>\n<p>\u201cO nosso sindicato tem encontrado na CSB o espa\u00e7o necess\u00e1rio para a coloca\u00e7\u00e3o das nossas especificidades como servidores p\u00fablicos federais da \u00e1rea de seguran\u00e7a, e neste encontro ampliamos as alian\u00e7as necess\u00e1rias aos enfrentamentos que nos s\u00e3o postos\u201d, explicou Ot\u00e1vio Cardoso.<\/p>\n<\/div>\n","protected":false},"excerpt":{"rendered":"<p>O presidente do SINPRF-SP e presidente da Secretaria de Pol\u00edticas Sindicais para a \u00e1rea da Seguran\u00e7a P\u00fablica da Central dos Sindicatos Brasileiros (CSB), F\u00e1bio Lu\u00eds de Almeida, o Vice-Presidente do SINPRF-SP Ot\u00e1vio Jos\u00e9 Cardoso e o Delegado Representante na FenaPRF, Marcos Viana participaram do Congresso Estadual da CSB, realizado em S\u00e3o Paulo, entre os dias [&hellip;]<\/p>\n","protected":false},"author":3,"featured_media":14071,"comment_status":"closed","ping_status":"closed","sticky":false,"template":"","format":"standard","meta":{"footnotes":""},"categories":[41],"tags":[],"class_list":["post-14070","post","type-post","status-publish","format-standard","has-post-thumbnail","hentry","category-noticias-em-destaque"],"_links":{"self":[{"href":"https:\/\/sinprfsp.org.br\/index.php\/wp-json\/wp\/v2\/posts\/14070","targetHints":{"allow":["GET"]}}],"collection":[{"href":"https:\/\/sinprfsp.org.br\/index.php\/wp-json\/wp\/v2\/posts"}],"about":[{"href":"https:\/\/sinprfsp.org.br\/index.php\/wp-json\/wp\/v2\/types\/post"}],"author":[{"embeddable":true,"href":"https:\/\/sinprfsp.org.br\/index.php\/wp-json\/wp\/v2\/users\/3"}],"replies":[{"embeddable":true,"href":"https:\/\/sinprfsp.org.br\/index.php\/wp-json\/wp\/v2\/comments?post=14070"}],"version-history":[{"count":1,"href":"https:\/\/sinprfsp.org.br\/index.php\/wp-json\/wp\/v2\/posts\/14070\/revisions"}],"predecessor-version":[{"id":14072,"href":"https:\/\/sinprfsp.org.br\/index.php\/wp-json\/wp\/v2\/posts\/14070\/revisions\/14072"}],"wp:featuredmedia":[{"embeddable":true,"href":"https:\/\/sinprfsp.org.br\/index.php\/wp-json\/wp\/v2\/media\/14071"}],"wp:attachment":[{"href":"https:\/\/sinprfsp.org.br\/index.php\/wp-json\/wp\/v2\/media?parent=14070"}],"wp:term":[{"taxonomy":"category","embeddable":true,"href":"https:\/\/sinprfsp.org.br\/index.php\/wp-json\/wp\/v2\/categories?post=14070"},{"taxonomy":"post_tag","embeddable":true,"href":"https:\/\/sinprfsp.org.br\/index.php\/wp-json\/wp\/v2\/tags?post=14070"}],"curies":[{"name":"wp","href":"https:\/\/api.w.org\/{rel}","templated":true}]}}