{"id":14076,"date":"2017-10-24T11:50:37","date_gmt":"2017-10-24T13:50:37","guid":{"rendered":"https:\/\/mjtom.com.br\/site1\/?p=14076"},"modified":"2022-01-07T13:03:16","modified_gmt":"2022-01-07T16:03:16","slug":"edital-de-convocacao-prestacao-de-contas","status":"publish","type":"post","link":"https:\/\/sinprfsp.org.br\/index.php\/2017\/10\/24\/edital-de-convocacao-prestacao-de-contas\/","title":{"rendered":"Edital de Convoca\u00e7\u00e3o &#8211; Presta\u00e7\u00e3o de Contas"},"content":{"rendered":"<div class=\"descricao\">\n<h2 style=\"text-align: center;\"><span style=\"color: #000080;\">EDITAL DE CONVOCA\u00c7\u00c3O<\/span><\/h2>\n<p style=\"text-align: justify;\"><span style=\"font-size: small;\"><strong>O PRESIDENTE DO SINDICATO DOS POLICIAIS RODOVI\u00c1RIOS FEDERAIS NO ESTADO DE S\u00c3O PAULO &#8211; SINPRF-SP<\/strong>, no desempenho de suas atribui\u00e7\u00f5es estatut\u00e1rias,\u00a0<strong>CONVOCA <\/strong>todos os filiados para <strong>Assembleia Geral Extraordin\u00e1ria<\/strong>, a realizar-se na Sede do Sindicato dos Policiais Rodovi\u00e1rios Federais no Estado de S\u00e3o Paulo \u2013 SINPRF-SP, sito a Rua Soldado Brasilio Pinto de Almeida n\u00ba 455 \u2013 Parque Novo Mundo &#8211; S\u00e3o Paulo \u2013 SP, no <strong>dia 31 de outubro de 2017, \u00e0s 09h30<\/strong>, em primeira convoca\u00e7\u00e3o com qu\u00f3rum de cinquenta por cento mais um dos filiados,<strong> ou \u00e0s 10h00<\/strong>, em segunda e \u00faltima convoca\u00e7\u00e3o com qualquer n\u00famero, a fim de deliberar a seguinte pauta: <\/span><\/p>\n<p style=\"text-align: justify;\"><span style=\"font-size: small;\"><strong>1\u00ba<\/strong> -Presta\u00e7\u00e3o de Contas do ano de 2016, pela Diretoria Executiva.<\/span><\/p>\n<p style=\"text-align: justify;\"><span style=\"font-size: small;\">\u00a0<\/span><\/p>\n<p style=\"text-align: center;\"><span style=\"font-size: small;\">S\u00e3o Paulo\/SP, 19 de outubro de 2017.<\/span><\/p>\n<p style=\"text-align: center;\" align=\"center\">\u00a0<\/p>\n<p style=\"text-align: center;\" align=\"center\"><span style=\"font-size: small;\">F\u00c1BIO LU\u00cdS DE ALMEIDA<\/span><\/p>\n<p style=\"text-align: center;\" align=\"center\"><strong>\u00a0PRESIDENTE DO SINPRF-SP<\/strong><\/p>\n<\/div>\n","protected":false},"excerpt":{"rendered":"<p>EDITAL DE CONVOCA\u00c7\u00c3O O PRESIDENTE DO SINDICATO DOS POLICIAIS RODOVI\u00c1RIOS FEDERAIS NO ESTADO DE S\u00c3O PAULO &#8211; SINPRF-SP, no desempenho de suas atribui\u00e7\u00f5es estatut\u00e1rias,\u00a0CONVOCA todos os filiados para Assembleia Geral Extraordin\u00e1ria, a realizar-se na Sede do Sindicato dos Policiais Rodovi\u00e1rios Federais no Estado de S\u00e3o Paulo \u2013 SINPRF-SP, sito a Rua Soldado Brasilio Pinto de [&hellip;]<\/p>\n","protected":false},"author":3,"featured_media":14077,"comment_status":"closed","ping_status":"closed","sticky":false,"template":"","format":"standard","meta":{"footnotes":""},"categories":[1],"tags":[],"class_list":["post-14076","post","type-post","status-publish","format-standard","has-post-thumbnail","hentry","category-noticias-gerais"],"_links":{"self":[{"href":"https:\/\/sinprfsp.org.br\/index.php\/wp-json\/wp\/v2\/posts\/14076","targetHints":{"allow":["GET"]}}],"collection":[{"href":"https:\/\/sinprfsp.org.br\/index.php\/wp-json\/wp\/v2\/posts"}],"about":[{"href":"https:\/\/sinprfsp.org.br\/index.php\/wp-json\/wp\/v2\/types\/post"}],"author":[{"embeddable":true,"href":"https:\/\/sinprfsp.org.br\/index.php\/wp-json\/wp\/v2\/users\/3"}],"replies":[{"embeddable":true,"href":"https:\/\/sinprfsp.org.br\/index.php\/wp-json\/wp\/v2\/comments?post=14076"}],"version-history":[{"count":1,"href":"https:\/\/sinprfsp.org.br\/index.php\/wp-json\/wp\/v2\/posts\/14076\/revisions"}],"predecessor-version":[{"id":14078,"href":"https:\/\/sinprfsp.org.br\/index.php\/wp-json\/wp\/v2\/posts\/14076\/revisions\/14078"}],"wp:featuredmedia":[{"embeddable":true,"href":"https:\/\/sinprfsp.org.br\/index.php\/wp-json\/wp\/v2\/media\/14077"}],"wp:attachment":[{"href":"https:\/\/sinprfsp.org.br\/index.php\/wp-json\/wp\/v2\/media?parent=14076"}],"wp:term":[{"taxonomy":"category","embeddable":true,"href":"https:\/\/sinprfsp.org.br\/index.php\/wp-json\/wp\/v2\/categories?post=14076"},{"taxonomy":"post_tag","embeddable":true,"href":"https:\/\/sinprfsp.org.br\/index.php\/wp-json\/wp\/v2\/tags?post=14076"}],"curies":[{"name":"wp","href":"https:\/\/api.w.org\/{rel}","templated":true}]}}