{"id":14131,"date":"2017-09-22T11:53:56","date_gmt":"2017-09-22T14:53:56","guid":{"rendered":"https:\/\/mjtom.com.br\/site1\/?p=14131"},"modified":"2022-01-07T13:03:15","modified_gmt":"2022-01-07T16:03:15","slug":"sinprf-sp-participa-de-assembleia-extraordinaria-da-fenaprf","status":"publish","type":"post","link":"https:\/\/sinprfsp.org.br\/index.php\/2017\/09\/22\/sinprf-sp-participa-de-assembleia-extraordinaria-da-fenaprf\/","title":{"rendered":"SINPRF-SP participa de Assembleia Extraordin\u00e1ria da FenaPRF"},"content":{"rendered":"<div class=\"descricao\">\n<p class=\"Pargrafobsico\"><span>Com uma agenda repleta de compromissos em Bras\u00edlia, o presidente do SINPRF-SP, F\u00e1bio de Almeida tamb\u00e9m participou nesta semana de Assembleia Geral Extraordin\u00e1ria realizada pela Federa\u00e7\u00e3o Nacional dos Policiais Rodovi\u00e1rios Federais (FenaPRF).<\/span><\/p>\n<p class=\"Pargrafobsico\"><span>A AGE realizada nesta quarta e quinta-feira, dias 20 e 21, tratou sobre a necessidade de se desenvolver a\u00e7\u00f5es mais din\u00e2micas e efetivas frente \u00e0s amea\u00e7as que afligem a categoria PRF, como reforma da previd\u00eancia, n\u00e3o cumprimento do reajuste firmado com a categoria, altera\u00e7\u00e3o da contribui\u00e7\u00e3o previdenci\u00e1ria, entre outros.<\/span><\/p>\n<p class=\"Pargrafobsico\"><span>Neste sentido a diretoria do SINPRF-SP \u00e9 destaque, haja vista que apresentou den\u00fancia contra os desmandos do governo brasileiro na Organiza\u00e7\u00e3o Internacional do Trabalho. \u201cSeguimos firmes na luta em defesa dos direitos de nossa categoria\u201d, explica Almeida.<\/span><\/p>\n<\/div>\n","protected":false},"excerpt":{"rendered":"<p>Com uma agenda repleta de compromissos em Bras\u00edlia, o presidente do SINPRF-SP, F\u00e1bio de Almeida tamb\u00e9m participou nesta semana de Assembleia Geral Extraordin\u00e1ria realizada pela Federa\u00e7\u00e3o Nacional dos Policiais Rodovi\u00e1rios Federais (FenaPRF). A AGE realizada nesta quarta e quinta-feira, dias 20 e 21, tratou sobre a necessidade de se desenvolver a\u00e7\u00f5es mais din\u00e2micas e efetivas [&hellip;]<\/p>\n","protected":false},"author":3,"featured_media":14132,"comment_status":"closed","ping_status":"closed","sticky":false,"template":"","format":"standard","meta":{"footnotes":""},"categories":[41],"tags":[],"class_list":["post-14131","post","type-post","status-publish","format-standard","has-post-thumbnail","hentry","category-noticias-em-destaque"],"_links":{"self":[{"href":"https:\/\/sinprfsp.org.br\/index.php\/wp-json\/wp\/v2\/posts\/14131","targetHints":{"allow":["GET"]}}],"collection":[{"href":"https:\/\/sinprfsp.org.br\/index.php\/wp-json\/wp\/v2\/posts"}],"about":[{"href":"https:\/\/sinprfsp.org.br\/index.php\/wp-json\/wp\/v2\/types\/post"}],"author":[{"embeddable":true,"href":"https:\/\/sinprfsp.org.br\/index.php\/wp-json\/wp\/v2\/users\/3"}],"replies":[{"embeddable":true,"href":"https:\/\/sinprfsp.org.br\/index.php\/wp-json\/wp\/v2\/comments?post=14131"}],"version-history":[{"count":1,"href":"https:\/\/sinprfsp.org.br\/index.php\/wp-json\/wp\/v2\/posts\/14131\/revisions"}],"predecessor-version":[{"id":14133,"href":"https:\/\/sinprfsp.org.br\/index.php\/wp-json\/wp\/v2\/posts\/14131\/revisions\/14133"}],"wp:featuredmedia":[{"embeddable":true,"href":"https:\/\/sinprfsp.org.br\/index.php\/wp-json\/wp\/v2\/media\/14132"}],"wp:attachment":[{"href":"https:\/\/sinprfsp.org.br\/index.php\/wp-json\/wp\/v2\/media?parent=14131"}],"wp:term":[{"taxonomy":"category","embeddable":true,"href":"https:\/\/sinprfsp.org.br\/index.php\/wp-json\/wp\/v2\/categories?post=14131"},{"taxonomy":"post_tag","embeddable":true,"href":"https:\/\/sinprfsp.org.br\/index.php\/wp-json\/wp\/v2\/tags?post=14131"}],"curies":[{"name":"wp","href":"https:\/\/api.w.org\/{rel}","templated":true}]}}