{"id":14233,"date":"2017-07-19T11:59:16","date_gmt":"2017-07-19T14:59:16","guid":{"rendered":"https:\/\/mjtom.com.br\/site1\/?p=14233"},"modified":"2022-01-07T13:03:15","modified_gmt":"2022-01-07T16:03:15","slug":"diretoria-do-sinprf-sp-busca-parceria-com-plano-de-saude-no-vale-do-paraiba","status":"publish","type":"post","link":"https:\/\/sinprfsp.org.br\/index.php\/2017\/07\/19\/diretoria-do-sinprf-sp-busca-parceria-com-plano-de-saude-no-vale-do-paraiba\/","title":{"rendered":"Diretoria do SINPRF-SP busca parceria com plano de sa\u00fade no Vale do Para\u00edba"},"content":{"rendered":"<div class=\"descricao\">\n<p class=\"Pargrafobsico\"><span>Com o objetivo de oferecer melhorias para seus sindicalizados, a diretoria do SINPRF-SP representada por seu presidente, F\u00e1bio de Almeida, por seu vice-presidente Ot\u00e1vio Jos\u00e9 Cardoso de Oliveira e por seu Delegado Representante Marcos Viana, reuniu-se no \u00faltimo dia 12, com representantes do Plano de Sa\u00fade S\u00e3o Camilo de Taubat\u00e9, com o objetivo de firmar uma parceria.<\/span><\/p>\n<p class=\"Pargrafobsico\"><span>O plano S\u00e3o Camilo iniciou suas atividades em 1992 na cidade de Conc\u00f3rdia, em Santa Catarina, consolidando-se como refer\u00eancia de qualidade na presta\u00e7\u00e3o de servi\u00e7os de sa\u00fade. Atualmente possui mais de 55 mil clientes em suas 14 unidades, sendo duas no estado de S\u00e3o Paulo, nas cidades de Taubat\u00e9 e Itu, al\u00e9m das unidades nos estados do Par\u00e1, Amap\u00e1, Paran\u00e1, Goi\u00e1s, Minas Gerais e Cear\u00e1. <\/span><\/p>\n<p class=\"Pargrafobsico\"><span>Para o presidente F\u00e1bio de Almeida os valores praticados pelo Plano M\u00e9dico S\u00e3o Camilo s\u00e3o muito atrativos se comparado aos demais. \u201cAgradecemos o apoio do colega PRF Toledo que agilizou o contato com o plano, que esperamos resultar em mais um produto de qualidade aos nossos sindicalizados\u201d, disse.<\/span><\/p>\n<\/div>\n","protected":false},"excerpt":{"rendered":"<p>Com o objetivo de oferecer melhorias para seus sindicalizados, a diretoria do SINPRF-SP representada por seu presidente, F\u00e1bio de Almeida, por seu vice-presidente Ot\u00e1vio Jos\u00e9 Cardoso de Oliveira e por seu Delegado Representante Marcos Viana, reuniu-se no \u00faltimo dia 12, com representantes do Plano de Sa\u00fade S\u00e3o Camilo de Taubat\u00e9, com o objetivo de firmar [&hellip;]<\/p>\n","protected":false},"author":3,"featured_media":14234,"comment_status":"closed","ping_status":"closed","sticky":false,"template":"","format":"standard","meta":{"footnotes":""},"categories":[1],"tags":[],"class_list":["post-14233","post","type-post","status-publish","format-standard","has-post-thumbnail","hentry","category-noticias-gerais"],"_links":{"self":[{"href":"https:\/\/sinprfsp.org.br\/index.php\/wp-json\/wp\/v2\/posts\/14233","targetHints":{"allow":["GET"]}}],"collection":[{"href":"https:\/\/sinprfsp.org.br\/index.php\/wp-json\/wp\/v2\/posts"}],"about":[{"href":"https:\/\/sinprfsp.org.br\/index.php\/wp-json\/wp\/v2\/types\/post"}],"author":[{"embeddable":true,"href":"https:\/\/sinprfsp.org.br\/index.php\/wp-json\/wp\/v2\/users\/3"}],"replies":[{"embeddable":true,"href":"https:\/\/sinprfsp.org.br\/index.php\/wp-json\/wp\/v2\/comments?post=14233"}],"version-history":[{"count":1,"href":"https:\/\/sinprfsp.org.br\/index.php\/wp-json\/wp\/v2\/posts\/14233\/revisions"}],"predecessor-version":[{"id":14235,"href":"https:\/\/sinprfsp.org.br\/index.php\/wp-json\/wp\/v2\/posts\/14233\/revisions\/14235"}],"wp:featuredmedia":[{"embeddable":true,"href":"https:\/\/sinprfsp.org.br\/index.php\/wp-json\/wp\/v2\/media\/14234"}],"wp:attachment":[{"href":"https:\/\/sinprfsp.org.br\/index.php\/wp-json\/wp\/v2\/media?parent=14233"}],"wp:term":[{"taxonomy":"category","embeddable":true,"href":"https:\/\/sinprfsp.org.br\/index.php\/wp-json\/wp\/v2\/categories?post=14233"},{"taxonomy":"post_tag","embeddable":true,"href":"https:\/\/sinprfsp.org.br\/index.php\/wp-json\/wp\/v2\/tags?post=14233"}],"curies":[{"name":"wp","href":"https:\/\/api.w.org\/{rel}","templated":true}]}}