{"id":14239,"date":"2017-07-19T11:59:23","date_gmt":"2017-07-19T14:59:23","guid":{"rendered":"https:\/\/mjtom.com.br\/site1\/?p=14239"},"modified":"2022-01-07T13:03:14","modified_gmt":"2022-01-07T16:03:14","slug":"sinprf-sp-participa-de-viii-encontro-estadual-dos-guardas-municipais-e-i-seminario-de-seguranca-publica-em-ribeirao-preto","status":"publish","type":"post","link":"https:\/\/sinprfsp.org.br\/index.php\/2017\/07\/19\/sinprf-sp-participa-de-viii-encontro-estadual-dos-guardas-municipais-e-i-seminario-de-seguranca-publica-em-ribeirao-preto\/","title":{"rendered":"SINPRF-SP participa de VIII Encontro Estadual dos Guardas Municipais e I Semin\u00e1rio de Seguran\u00e7a P\u00fablica em Ribeir\u00e3o Preto"},"content":{"rendered":"<div class=\"descricao\">\n<p class=\"Pargrafobsico\">Representando o Sindicato dos Policiais Rodovi\u00e1rios Federais no Estado de S\u00e3o Paulo (SINPRF-SP), o Diretor Parlamentar M\u00e1rcio Pontes participou do VIII Encontro Estadual dos Guardas Municipais e I Semin\u00e1rio de Seguran\u00e7a P\u00fablica na cidade de Ribeir\u00e3o Preto, que contou com autoridades representantes da Pol\u00edcia Federal, Pol\u00edcia Rodovi\u00e1ria Federal, Pol\u00edcia Militar do Estado de S\u00e3o Paulo, Pol\u00edcia Civil e Guardas Municipais de mais de 30 cidades.<\/p>\n<p class=\"Pargrafobsico\">O evento realizado na C\u00e2mara Municipal da cidade no \u00faltimo dia 14, iniciou-se com a Marcha Azul, onde os Guardas Municipais percorreram as principais ruas da cidade, partindo do centro com destino \u00e0 Casa de Leis, com o objetivo de demonstrar \u00e0 sociedade a import\u00e2ncia das Guardas Municipais no cen\u00e1rio da Seguran\u00e7a P\u00fablica.<\/p>\n<p class=\"Pargrafobsico\">O encontro foi idealizado pelo ex-deputado federal e atual vereador Otoniel Lima (PRB), que teve uma atua\u00e7\u00e3o especial na defesa dos \u00f3rg\u00e3os de Seguran\u00e7a P\u00fablica, em especial \u00e0 Pol\u00edcia Federal e Rodovi\u00e1ria Federal.<\/p>\n<p>Na ocasi\u00e3o, os participantes contaram com palestras ministradas pelo Diretor Parlamentar do SINPRF-SP, M\u00e1rcio Pontes, pelo Juiz Federal de Ribeir\u00e3o Preto, Dr. Augusto Martinez Perez, pelo Presidente da Associa\u00e7\u00e3o Paulista do Minist\u00e9rio P\u00fablico, Dr. Felipe Lock, pelo L\u00edder Nacional das Guardas Municipais, GCM Naval e pelo deputado federal Fausto Pinatto (PP-SP).<\/p>\n<\/div>\n","protected":false},"excerpt":{"rendered":"<p>Representando o Sindicato dos Policiais Rodovi\u00e1rios Federais no Estado de S\u00e3o Paulo (SINPRF-SP), o Diretor Parlamentar M\u00e1rcio Pontes participou do VIII Encontro Estadual dos Guardas Municipais e I Semin\u00e1rio de Seguran\u00e7a P\u00fablica na cidade de Ribeir\u00e3o Preto, que contou com autoridades representantes da Pol\u00edcia Federal, Pol\u00edcia Rodovi\u00e1ria Federal, Pol\u00edcia Militar do Estado de S\u00e3o Paulo, [&hellip;]<\/p>\n","protected":false},"author":3,"featured_media":14240,"comment_status":"closed","ping_status":"closed","sticky":false,"template":"","format":"standard","meta":{"footnotes":""},"categories":[1],"tags":[],"class_list":["post-14239","post","type-post","status-publish","format-standard","has-post-thumbnail","hentry","category-noticias-gerais"],"_links":{"self":[{"href":"https:\/\/sinprfsp.org.br\/index.php\/wp-json\/wp\/v2\/posts\/14239","targetHints":{"allow":["GET"]}}],"collection":[{"href":"https:\/\/sinprfsp.org.br\/index.php\/wp-json\/wp\/v2\/posts"}],"about":[{"href":"https:\/\/sinprfsp.org.br\/index.php\/wp-json\/wp\/v2\/types\/post"}],"author":[{"embeddable":true,"href":"https:\/\/sinprfsp.org.br\/index.php\/wp-json\/wp\/v2\/users\/3"}],"replies":[{"embeddable":true,"href":"https:\/\/sinprfsp.org.br\/index.php\/wp-json\/wp\/v2\/comments?post=14239"}],"version-history":[{"count":1,"href":"https:\/\/sinprfsp.org.br\/index.php\/wp-json\/wp\/v2\/posts\/14239\/revisions"}],"predecessor-version":[{"id":14241,"href":"https:\/\/sinprfsp.org.br\/index.php\/wp-json\/wp\/v2\/posts\/14239\/revisions\/14241"}],"wp:featuredmedia":[{"embeddable":true,"href":"https:\/\/sinprfsp.org.br\/index.php\/wp-json\/wp\/v2\/media\/14240"}],"wp:attachment":[{"href":"https:\/\/sinprfsp.org.br\/index.php\/wp-json\/wp\/v2\/media?parent=14239"}],"wp:term":[{"taxonomy":"category","embeddable":true,"href":"https:\/\/sinprfsp.org.br\/index.php\/wp-json\/wp\/v2\/categories?post=14239"},{"taxonomy":"post_tag","embeddable":true,"href":"https:\/\/sinprfsp.org.br\/index.php\/wp-json\/wp\/v2\/tags?post=14239"}],"curies":[{"name":"wp","href":"https:\/\/api.w.org\/{rel}","templated":true}]}}