{"id":14245,"date":"2017-07-18T11:59:31","date_gmt":"2017-07-18T14:59:31","guid":{"rendered":"https:\/\/mjtom.com.br\/site1\/?p=14245"},"modified":"2022-01-07T13:03:14","modified_gmt":"2022-01-07T16:03:14","slug":"pre-escolar-sentenca-determina-devolucao-dos-valores-descontados","status":"publish","type":"post","link":"https:\/\/sinprfsp.org.br\/index.php\/2017\/07\/18\/pre-escolar-sentenca-determina-devolucao-dos-valores-descontados\/","title":{"rendered":"Pr\u00e9-escolar &#8211; Senten\u00e7a determina devolu\u00e7\u00e3o dos valores descontados"},"content":{"rendered":"<div class=\"descricao\">\n<p style=\"text-align: justify;\"><span style=\"font-size: medium; font-family: arial,helvetica,sans-serif;\">Desde Dezembro do ano passado o escrit\u00f3rio Capano Passafaro atende aos colegas que recebem (e receberam) o Aux\u00edlio Pr\u00e9-Escolar e que sofreram o desconto da Cota Parte prevista no Decreto n\u00ba 97\/1993. <\/span><\/p>\n<p style=\"text-align: justify;\"><span style=\"font-size: medium; font-family: arial,helvetica,sans-serif;\">A a\u00e7\u00e3o \u00e9 individual (visando aumentar as chaces de \u00eaxito e facilitar a execu\u00e7\u00e3o) e n\u00e3o tem cobran\u00e7a de honor\u00e1rios para os sindicalizados.<\/span><\/p>\n<p style=\"text-align: justify;\"><span style=\"font-size: medium; font-family: arial,helvetica,sans-serif;\">J\u00e1 t\u00ednhamos tido sucesso em decis\u00f5es de antecipa\u00e7\u00e3o de tutela, mas no m\u00eas passado tivemos a primeira senten\u00e7a de m\u00e9rito favor\u00e1vel ao argumento da ilegalidade da cobran\u00e7a da \u201ccota parte\u201d com base na tese da reserva legal. Nos termos da Senten\u00e7a que deu ganho de causa ao colega:<\/span><\/p>\n<p style=\"text-align: justify; padding-left: 120px;\"><span style=\"font-size: medium; font-family: arial,helvetica,sans-serif;\">Ante o exposto, reconhe\u00e7o a ocorr\u00eancia da prescri\u00e7\u00e3o quinquenal e JULGO PROCEDENTE o pedido formulado na inicial para:<\/span><\/p>\n<p style=\"text-align: justify; padding-left: 120px;\"><span style=\"font-size: medium; font-family: arial,helvetica,sans-serif;\">a) condenar a Uni\u00e3o \u00e0 repeti\u00e7\u00e3o dos valores recolhidos pela parte autora a t\u00edtulo de custeio do aux\u00edlio-creche, respeitada a prescri\u00e7\u00e3o quinquenal, com incid\u00eancia de corre\u00e7\u00e3o monet\u00e1ria e juros nos termos do Manual de C\u00e1lculos da Justi\u00e7a Federal;<\/span><\/p>\n<p style=\"text-align: justify; padding-left: 120px;\"><span style=\"font-size: medium; font-family: arial,helvetica,sans-serif;\">b) condenar a Uni\u00e3o a que se abstenha de efetuar o desconto do custeio nos pr\u00f3ximos recebimentos de aux\u00edlio creche.<\/span><\/p>\n<p style=\"text-align: justify;\"><span style=\"font-size: medium; font-family: arial,helvetica,sans-serif;\">Para entrar tamb\u00e9m com a a\u00e7\u00e3o, o sindicalizado que est\u00e1 sofrendo o desconto (ou que sofreu nos \u00faltimos 5 anos) precisa juntar as fichas financeiras no per\u00edodo (que podem ser solicitadas \u00e0 SRH atrav\u00e9s do email <a href=\"mailto:srh.sp@prf.gov.br\">srh.sp@prf.gov.br<\/a>), e demais documentos solicitados pelo escrit\u00f3rio.<\/span><\/p>\n<p align=\"justify\">\u00a0<\/p>\n<\/div>\n","protected":false},"excerpt":{"rendered":"<p>Desde Dezembro do ano passado o escrit\u00f3rio Capano Passafaro atende aos colegas que recebem (e receberam) o Aux\u00edlio Pr\u00e9-Escolar e que sofreram o desconto da Cota Parte prevista no Decreto n\u00ba 97\/1993. A a\u00e7\u00e3o \u00e9 individual (visando aumentar as chaces de \u00eaxito e facilitar a execu\u00e7\u00e3o) e n\u00e3o tem cobran\u00e7a de honor\u00e1rios para os sindicalizados. [&hellip;]<\/p>\n","protected":false},"author":3,"featured_media":14246,"comment_status":"closed","ping_status":"closed","sticky":false,"template":"","format":"standard","meta":{"footnotes":""},"categories":[41],"tags":[],"class_list":["post-14245","post","type-post","status-publish","format-standard","has-post-thumbnail","hentry","category-noticias-em-destaque"],"_links":{"self":[{"href":"https:\/\/sinprfsp.org.br\/index.php\/wp-json\/wp\/v2\/posts\/14245","targetHints":{"allow":["GET"]}}],"collection":[{"href":"https:\/\/sinprfsp.org.br\/index.php\/wp-json\/wp\/v2\/posts"}],"about":[{"href":"https:\/\/sinprfsp.org.br\/index.php\/wp-json\/wp\/v2\/types\/post"}],"author":[{"embeddable":true,"href":"https:\/\/sinprfsp.org.br\/index.php\/wp-json\/wp\/v2\/users\/3"}],"replies":[{"embeddable":true,"href":"https:\/\/sinprfsp.org.br\/index.php\/wp-json\/wp\/v2\/comments?post=14245"}],"version-history":[{"count":1,"href":"https:\/\/sinprfsp.org.br\/index.php\/wp-json\/wp\/v2\/posts\/14245\/revisions"}],"predecessor-version":[{"id":14247,"href":"https:\/\/sinprfsp.org.br\/index.php\/wp-json\/wp\/v2\/posts\/14245\/revisions\/14247"}],"wp:featuredmedia":[{"embeddable":true,"href":"https:\/\/sinprfsp.org.br\/index.php\/wp-json\/wp\/v2\/media\/14246"}],"wp:attachment":[{"href":"https:\/\/sinprfsp.org.br\/index.php\/wp-json\/wp\/v2\/media?parent=14245"}],"wp:term":[{"taxonomy":"category","embeddable":true,"href":"https:\/\/sinprfsp.org.br\/index.php\/wp-json\/wp\/v2\/categories?post=14245"},{"taxonomy":"post_tag","embeddable":true,"href":"https:\/\/sinprfsp.org.br\/index.php\/wp-json\/wp\/v2\/tags?post=14245"}],"curies":[{"name":"wp","href":"https:\/\/api.w.org\/{rel}","templated":true}]}}