{"id":14248,"date":"2017-07-18T11:59:34","date_gmt":"2017-07-18T14:59:34","guid":{"rendered":"https:\/\/mjtom.com.br\/site1\/?p=14248"},"modified":"2022-01-07T13:03:14","modified_gmt":"2022-01-07T16:03:14","slug":"pss-sobre-as-ferias-sindicato-exige-indenizacao-por-atraso-na-execucao","status":"publish","type":"post","link":"https:\/\/sinprfsp.org.br\/index.php\/2017\/07\/18\/pss-sobre-as-ferias-sindicato-exige-indenizacao-por-atraso-na-execucao\/","title":{"rendered":"PSS sobre as F\u00e9rias  &#8211;  Sindicato exige indeniza\u00e7\u00e3o por atraso na Execu\u00e7\u00e3o"},"content":{"rendered":"<div class=\"descricao\">\n<p style=\"text-align: justify;\"><span style=\"font-family: arial,helvetica,sans-serif; font-size: medium;\">O SINPRF-SP e o escrit\u00f3rio do Dr. Roger Meregalli peticionaram em ju\u00edzo exigindo a aplica\u00e7\u00e3o de multa \u00e0 Uni\u00e3o pela morosidade em fornecer as informa\u00e7\u00f5es necess\u00e1rias ao prosseguimento da execu\u00e7\u00e3o do processo de devolu\u00e7\u00e3o do PSS de F\u00e9rias.<\/span><\/p>\n<p style=\"text-align: justify;\"><span style=\"font-family: arial,helvetica,sans-serif; font-size: medium;\"><em>\u201cQuando receb\u00edamos o 1\/3 de f\u00e9rias eramos pronta e imediatamente descontados, sem burocracia, sem demora. A Administra\u00e7\u00e3o deve ser tamb\u00e9m competente para devolver o que foi descontado indevidamente, ou indenizar pelo dano causado por sua imper\u00edcia.\u201d<\/em> Afirmou o colega Ot\u00e1vio, Vice- Presidente do Sindicato, que v\u00eam acompanhando a demora na execu\u00e7\u00e3o, e que assinou com o Presidente F\u00e1bio Lu\u00eds, o Of\u00edcio cobrando provid\u00eancias (documento em anexo).<\/span><\/p>\n<p style=\"text-align: justify;\"><span style=\"font-family: arial,helvetica,sans-serif; font-size: medium;\">Ganhamos na fase de conhecimento, mas a Uni\u00e3o est\u00e1 usando todos os artif\u00edcios para tentar postergar a execu\u00e7\u00e3o. Para quem acompanha no site do nosso Sindicato, temos divulgado o hist\u00f3rico das movimenta\u00e7\u00f5es para que todos possam entender o andamento da a\u00e7\u00e3o:<\/span><\/p>\n<p style=\"text-align: justify; padding-left: 90px;\"><span style=\"font-family: arial,helvetica,sans-serif; font-size: medium;\">Em <strong>04 de fevereiro de 2016<\/strong> foi certificado o Tr\u00e2nsito em Julgado do Ac\u00f3rd\u00e3o que deu ganho de causa ao SINPRF-SP no Processo n\u00ba 2007.34.00.031643-4, <span style=\"font-family: arial,helvetica,sans-serif; font-size: medium;\">http:\/\/processual.trf1.jus.br\/consultaProcessual\/processo.php?proc=0031502-30.2007.4.01.3400&#038;secao=TRF1&#038;pg=1&#038;enviar=Pesquisar><\/span> considerando indevidos os descontos de PSS sobre 1\/3 de f\u00e9rias no per\u00edodo de 2002 at\u00e9 2012;<\/span><\/p>\n<p style=\"text-align: justify; padding-left: 90px;\"><span style=\"font-family: arial,helvetica,sans-serif; font-size: medium;\">Em <strong>31 de maio de 2016<\/strong> a Se\u00e7\u00e3o de Recursos Humanos da Superintend\u00eancia Regional da Pol\u00edcia Rodovi\u00e1ria Federal em S\u00e3o Paulo finalizou o envio ao Sindicato de SP de todas as fichas financeiras referentes ao desconto indevido de PSS no per\u00edodo de 2002 at\u00e9 2012 http:\/\/sinprfsp.com.br\/plus\/modulos\/noticias\/ler.php?cdnoticia=373>;<\/span><\/p>\n<p style=\"text-align: justify; padding-left: 90px;\"><span style=\"font-family: arial,helvetica,sans-serif; font-size: medium;\">Em <strong>31 de agosto de 2016<\/strong> o advogado Roger Meregalli compareceu a uma AGE em SP onde foi aprovado por unanimidade http:\/\/sinprfsp.com.br\/plus\/modulos\/noticias\/ler.php?cdnoticia=397> a ratifica\u00e7\u00e3oda procura\u00e7\u00e3o outorgada ao escrit\u00f3rio de advocacia Medeiros &#038; Meregalli Sociedade de Advogados, OAB\/DF sob n\u00ba 2.401\/2014 \u2013 RS, CNPJ n\u00ba 07.953.147\/0001-45, com o desconto dos honor\u00e1rios contratuais no percentual de 15%, diretamente no cr\u00e9dito individual de cada substitu\u00eddo no momento em que se efetuar o recebimento do proveito econ\u00f4mico.<\/span><\/p>\n<p style=\"text-align: justify; padding-left: 90px;\"><span style=\"font-family: arial,helvetica,sans-serif; font-size: medium;\">Na <strong>primeira semana de Dezembro de 2016<\/strong> o Presidente do SINPRF-SP F\u00e1bio Luis se reuniu com o Dr. Roger Meregalli em Bras\u00edlia, que informou que houve uma diverg\u00eancia entre os valores apurados e os valores que se encontram consignados na conta onde ocorreram dep\u00f3sitos judiciais que deveriam quitar a d\u00edvida da Uni\u00e3o http:\/\/sinprfsp.com.br\/plus\/modulos\/noticias\/ler.php?cdnoticia=421>, e que o Departamento seria oficiado pelo Ju\u00edzo para que informasse, de forma precisa, a quem e a que per\u00edodo se referiam os valores depositados, a fim de que fosse poss\u00edvel o prosseguimento da execu\u00e7\u00e3o;<\/span><\/p>\n<p style=\"text-align: justify; padding-left: 90px;\"><span style=\"font-family: arial,helvetica,sans-serif; font-size: medium;\">Em <strong>04 de janeiro de 2017<\/strong> a Divis\u00e3o de Defesa na 1\u00aa Inst\u00e2ncia da Procuradoria Regional da Fazenda Nacional na 1\u00aa Regi\u00e3o oficiou a Dire\u00e7\u00e3o-Geral do DPRF para que informa-se os valores do PSS incidentes sobre o 1\/3 de f\u00e9rias no per\u00edodo da a\u00e7\u00e3o \u201ccom a maior brevidade poss\u00edvel\u201d;<\/span><\/p>\n<p style=\"text-align: justify; padding-left: 90px;\"><span style=\"font-family: arial,helvetica,sans-serif; font-size: medium;\">Em <strong>24 de fevereiro de 2017<\/strong> a Divis\u00e3o de Acompanhamento de Decis\u00f5es Judiciais oficiou a Procuradoria-Geral da Fazenda Nacional (Of\u00edcio n\u00ba 288\/2017\/DIAJU\/CGRH) solicitando a \u201cdila\u00e7\u00e3o de prazo por 30 (trinta dias), prorrog\u00e1vel por igual per\u00edodo, para que sejam prestadas as informa\u00e7\u00f5es.\u201d.<\/span><\/p>\n<p style=\"text-align: justify;\"><span style=\"font-family: arial,helvetica,sans-serif; font-size: medium;\">At\u00e9 o presente momento, um ano e cindo meses ap\u00f3s o tr\u00e2nsito em julgado da decis\u00e3o na fase de conhecimento, e dois meses ap\u00f3s o fim do prazo final solicitado pelo Departamento (<strong>24 de abril<\/strong>, j\u00e1 contada a prorroga\u00e7\u00e3o), n\u00e3o houve manifesta\u00e7\u00e3o da R\u00e9 nos autos.<\/span><\/p>\n<p style=\"text-align: justify;\"><span style=\"font-family: arial,helvetica,sans-serif; font-size: medium;\">Agora queremos a comina\u00e7\u00e3o de multa di\u00e1ria pelo atraso. Quem sabe assim nosso Direito ser\u00e1 respeitado. Assim que tivermos a decis\u00e3o da Justi\u00e7a sobre esta nova cobran\u00e7a divulgaremos no site e nos grupos.<\/span><\/p>\n<p style=\"text-align: justify;\"><span style=\"font-family: arial,helvetica,sans-serif; font-size: medium;\">\u00a0<\/span><\/p>\n<p style=\"text-align: right;\"><span style=\"font-family: arial,helvetica,sans-serif; font-size: medium;\">\u201cA justi\u00e7a atrasada n\u00e3o \u00e9 justi\u00e7a,<\/span><\/p>\n<p style=\"text-align: right;\"><span style=\"font-family: arial,helvetica,sans-serif; font-size: medium;\">sen\u00e3o injusti\u00e7a qualificada e manifesta.\u201d<\/span><\/p>\n<p style=\"text-align: right;\"><span style=\"font-family: arial,helvetica,sans-serif; font-size: medium;\">Rui Barbosa<\/span><\/p>\n<\/div>\n","protected":false},"excerpt":{"rendered":"<p>O SINPRF-SP e o escrit\u00f3rio do Dr. Roger Meregalli peticionaram em ju\u00edzo exigindo a aplica\u00e7\u00e3o de multa \u00e0 Uni\u00e3o pela morosidade em fornecer as informa\u00e7\u00f5es necess\u00e1rias ao prosseguimento da execu\u00e7\u00e3o do processo de devolu\u00e7\u00e3o do PSS de F\u00e9rias. \u201cQuando receb\u00edamos o 1\/3 de f\u00e9rias eramos pronta e imediatamente descontados, sem burocracia, sem demora. A Administra\u00e7\u00e3o [&hellip;]<\/p>\n","protected":false},"author":3,"featured_media":14249,"comment_status":"closed","ping_status":"closed","sticky":false,"template":"","format":"standard","meta":{"footnotes":""},"categories":[41],"tags":[],"class_list":["post-14248","post","type-post","status-publish","format-standard","has-post-thumbnail","hentry","category-noticias-em-destaque"],"_links":{"self":[{"href":"https:\/\/sinprfsp.org.br\/index.php\/wp-json\/wp\/v2\/posts\/14248","targetHints":{"allow":["GET"]}}],"collection":[{"href":"https:\/\/sinprfsp.org.br\/index.php\/wp-json\/wp\/v2\/posts"}],"about":[{"href":"https:\/\/sinprfsp.org.br\/index.php\/wp-json\/wp\/v2\/types\/post"}],"author":[{"embeddable":true,"href":"https:\/\/sinprfsp.org.br\/index.php\/wp-json\/wp\/v2\/users\/3"}],"replies":[{"embeddable":true,"href":"https:\/\/sinprfsp.org.br\/index.php\/wp-json\/wp\/v2\/comments?post=14248"}],"version-history":[{"count":1,"href":"https:\/\/sinprfsp.org.br\/index.php\/wp-json\/wp\/v2\/posts\/14248\/revisions"}],"predecessor-version":[{"id":14250,"href":"https:\/\/sinprfsp.org.br\/index.php\/wp-json\/wp\/v2\/posts\/14248\/revisions\/14250"}],"wp:featuredmedia":[{"embeddable":true,"href":"https:\/\/sinprfsp.org.br\/index.php\/wp-json\/wp\/v2\/media\/14249"}],"wp:attachment":[{"href":"https:\/\/sinprfsp.org.br\/index.php\/wp-json\/wp\/v2\/media?parent=14248"}],"wp:term":[{"taxonomy":"category","embeddable":true,"href":"https:\/\/sinprfsp.org.br\/index.php\/wp-json\/wp\/v2\/categories?post=14248"},{"taxonomy":"post_tag","embeddable":true,"href":"https:\/\/sinprfsp.org.br\/index.php\/wp-json\/wp\/v2\/tags?post=14248"}],"curies":[{"name":"wp","href":"https:\/\/api.w.org\/{rel}","templated":true}]}}