{"id":14262,"date":"2017-07-04T12:00:56","date_gmt":"2017-07-04T15:00:56","guid":{"rendered":"https:\/\/mjtom.com.br\/site1\/?p=14262"},"modified":"2022-01-07T13:03:14","modified_gmt":"2022-01-07T16:03:14","slug":"reuniao-com-o-novo-superintendente-regional","status":"publish","type":"post","link":"https:\/\/sinprfsp.org.br\/index.php\/2017\/07\/04\/reuniao-com-o-novo-superintendente-regional\/","title":{"rendered":"Reuni\u00e3o com o novo Superintendente Regional"},"content":{"rendered":"<div class=\"descricao\">\n<p style=\"text-align: justify;\"><span style=\"font-family: arial,helvetica,sans-serif; font-size: medium;\">No meio da semana passada, logo ap\u00f3s a designa\u00e7\u00e3o do colega Valmir Cordelli como novo Superintendente Regional, o Presidente F\u00e1bio Luis e o vice-presidente Ot\u00e1vio estiveram no Gabinete para, al\u00e9m de parabenizar o colega pela nova miss\u00e3o e renovar a disposi\u00e7\u00e3o da atual gest\u00e3o do Sindicato em colaborar com os projetos de interesse dos PRFs e Servidores da Regional, lembr\u00e1-lo da gravidade dos problemas que tem penalizado o efetivo (falta de efetivo, redu\u00e7\u00e3o do or\u00e7amento, necessidade de aumento do di\u00e1logo com o efetivo nas delegacias, entre outras demandas).<\/span><\/p>\n<p style=\"text-align: justify;\"><span style=\"font-family: arial,helvetica,sans-serif; font-size: medium;\">Embora do colega Coordelli j\u00e1 estivesse na Sede como Chefe da SPF na gest\u00e3o do Inspetor De Amorim, e conhe\u00e7a de perto tanto os problemas da Regional, quanto o trabalho que tem sido feito pelo Sindicato, agora, como Superintendente, passa a receber pessoalmente a press\u00e3o por avan\u00e7os.<\/span><\/p>\n<p style=\"text-align: justify;\"><span style=\"font-family: arial,helvetica,sans-serif; font-size: medium;\">O novo Superintendente ouviu os projetos de trabalho do Sindicato para os pr\u00f3ximos semestres e tamb\u00e9m adiantou seus principais pontos de trabalho: recomposi\u00e7\u00e3o do efetivo; constru\u00e7\u00e3o da nova Sede da Regional; manuten\u00e7\u00e3o e amplia\u00e7\u00e3o dos acordos com p\u00e1tios terceirizados para abrigo de ve\u00edculos apreendidos e acidentados; e parceria para a realiza\u00e7\u00e3o de a\u00e7\u00f5es integradas de redu\u00e7\u00e3o da viol\u00eancia no tr\u00e2nsito e o combate \u00e0 criminalidade.<\/span><\/p>\n<p align=\"justify\">\u00a0<\/p>\n<\/div>\n","protected":false},"excerpt":{"rendered":"<p>No meio da semana passada, logo ap\u00f3s a designa\u00e7\u00e3o do colega Valmir Cordelli como novo Superintendente Regional, o Presidente F\u00e1bio Luis e o vice-presidente Ot\u00e1vio estiveram no Gabinete para, al\u00e9m de parabenizar o colega pela nova miss\u00e3o e renovar a disposi\u00e7\u00e3o da atual gest\u00e3o do Sindicato em colaborar com os projetos de interesse dos PRFs [&hellip;]<\/p>\n","protected":false},"author":3,"featured_media":14263,"comment_status":"closed","ping_status":"closed","sticky":false,"template":"","format":"standard","meta":{"footnotes":""},"categories":[41],"tags":[],"class_list":["post-14262","post","type-post","status-publish","format-standard","has-post-thumbnail","hentry","category-noticias-em-destaque"],"_links":{"self":[{"href":"https:\/\/sinprfsp.org.br\/index.php\/wp-json\/wp\/v2\/posts\/14262","targetHints":{"allow":["GET"]}}],"collection":[{"href":"https:\/\/sinprfsp.org.br\/index.php\/wp-json\/wp\/v2\/posts"}],"about":[{"href":"https:\/\/sinprfsp.org.br\/index.php\/wp-json\/wp\/v2\/types\/post"}],"author":[{"embeddable":true,"href":"https:\/\/sinprfsp.org.br\/index.php\/wp-json\/wp\/v2\/users\/3"}],"replies":[{"embeddable":true,"href":"https:\/\/sinprfsp.org.br\/index.php\/wp-json\/wp\/v2\/comments?post=14262"}],"version-history":[{"count":1,"href":"https:\/\/sinprfsp.org.br\/index.php\/wp-json\/wp\/v2\/posts\/14262\/revisions"}],"predecessor-version":[{"id":14264,"href":"https:\/\/sinprfsp.org.br\/index.php\/wp-json\/wp\/v2\/posts\/14262\/revisions\/14264"}],"wp:featuredmedia":[{"embeddable":true,"href":"https:\/\/sinprfsp.org.br\/index.php\/wp-json\/wp\/v2\/media\/14263"}],"wp:attachment":[{"href":"https:\/\/sinprfsp.org.br\/index.php\/wp-json\/wp\/v2\/media?parent=14262"}],"wp:term":[{"taxonomy":"category","embeddable":true,"href":"https:\/\/sinprfsp.org.br\/index.php\/wp-json\/wp\/v2\/categories?post=14262"},{"taxonomy":"post_tag","embeddable":true,"href":"https:\/\/sinprfsp.org.br\/index.php\/wp-json\/wp\/v2\/tags?post=14262"}],"curies":[{"name":"wp","href":"https:\/\/api.w.org\/{rel}","templated":true}]}}