{"id":14265,"date":"2017-07-04T12:01:00","date_gmt":"2017-07-04T15:01:00","guid":{"rendered":"https:\/\/mjtom.com.br\/site1\/?p=14265"},"modified":"2022-01-07T13:03:14","modified_gmt":"2022-01-07T16:03:14","slug":"reuniao-com-o-deputado-roberto-alves-prb-sp","status":"publish","type":"post","link":"https:\/\/sinprfsp.org.br\/index.php\/2017\/07\/04\/reuniao-com-o-deputado-roberto-alves-prb-sp\/","title":{"rendered":"Reuni\u00e3o com o Deputado Roberto Alves PRB\/SP"},"content":{"rendered":"<div class=\"descricao\">\n<p style=\"text-align: justify;\"><span style=\"font-family: arial,helvetica,sans-serif; font-size: medium;\">O Sindicato esteve em Campinas atendendo a convite do Deputado Roberto Alves do PRB\/SP. Na visita estavam presentes al\u00e9m do Presidente F\u00e1bio Luis de Almeida, os colegas Marcos de Jesus Viana, Delegado no Conselho da FenaPRF, M\u00e1rcio Jos\u00e9 Pontes, Diretor Parlamentar do Sindicato.<\/span><\/p>\n<p style=\"text-align: justify;\"><span style=\"font-family: arial,helvetica,sans-serif; font-size: medium;\">Nas palavras do Deputado publicadas em sua p\u00e1gina do Facebook (<a href=\"https:\/\/www.facebook.com\/RobertoAlvesPRB\/?ref=page_internal\">https:\/\/www.facebook.com\/RobertoAlvesPRB\/?ref=page_internal<\/a>): <em>\u201cDiscutimos assuntos ligados \u00e0 prote\u00e7\u00e3o de nossas crian\u00e7as e adolescentes, principalmente contra os casos de abuso e explora\u00e7\u00e3o sexual de menores, muito registrados as margens das rodovias do nosso pa\u00eds. Contem sempre com o meu apoio. Juntos n\u00f3s podemos. E juntos n\u00f3s faremos.\u201d<\/em><\/span><\/p>\n<p style=\"text-align: justify;\"><span style=\"font-family: arial,helvetica,sans-serif; font-size: medium;\">\u00a0Al\u00e9m dos assuntos relacionados \u00e0 atua\u00e7\u00e3o do \u00d3rg\u00e3o, nosso sindicato aproveitou a visita para fortalecer o compromisso do Deputado com a manuten\u00e7\u00e3o da aposentadoria especial da carreira policial e dos direitos previdenci\u00e1rios de todos os servidores. O Deputado j\u00e1 se manifestou publicamente contr\u00e1rio \u00e0 aprova\u00e7\u00e3o da Reforma da Previd\u00eancia (http:\/\/blogs.correiobraziliense.com.br\/servidor\/placar-com-opiniao-dos-deputados-revela-reforma-da-previdencia-dificilmente-sera-aprovada\/), mas \u00e9 importante mostrar que os sindicatos e a sociedade est\u00e3o acompanhando o voto de quem est\u00e1 \u00e0 favor dos trabalhadores.<\/span><\/p>\n<p style=\"text-align: justify;\"><span style=\"font-family: arial,helvetica,sans-serif; font-size: medium;\">\u00a0<\/span><\/p>\n<p style=\"margin-bottom: 0cm; line-height: 100%;\" align=\"justify\">\u00a0<\/p>\n<\/div>\n","protected":false},"excerpt":{"rendered":"<p>O Sindicato esteve em Campinas atendendo a convite do Deputado Roberto Alves do PRB\/SP. Na visita estavam presentes al\u00e9m do Presidente F\u00e1bio Luis de Almeida, os colegas Marcos de Jesus Viana, Delegado no Conselho da FenaPRF, M\u00e1rcio Jos\u00e9 Pontes, Diretor Parlamentar do Sindicato. Nas palavras do Deputado publicadas em sua p\u00e1gina do Facebook (https:\/\/www.facebook.com\/RobertoAlvesPRB\/?ref=page_internal): \u201cDiscutimos [&hellip;]<\/p>\n","protected":false},"author":3,"featured_media":14266,"comment_status":"closed","ping_status":"closed","sticky":false,"template":"","format":"standard","meta":{"footnotes":""},"categories":[41],"tags":[],"class_list":["post-14265","post","type-post","status-publish","format-standard","has-post-thumbnail","hentry","category-noticias-em-destaque"],"_links":{"self":[{"href":"https:\/\/sinprfsp.org.br\/index.php\/wp-json\/wp\/v2\/posts\/14265","targetHints":{"allow":["GET"]}}],"collection":[{"href":"https:\/\/sinprfsp.org.br\/index.php\/wp-json\/wp\/v2\/posts"}],"about":[{"href":"https:\/\/sinprfsp.org.br\/index.php\/wp-json\/wp\/v2\/types\/post"}],"author":[{"embeddable":true,"href":"https:\/\/sinprfsp.org.br\/index.php\/wp-json\/wp\/v2\/users\/3"}],"replies":[{"embeddable":true,"href":"https:\/\/sinprfsp.org.br\/index.php\/wp-json\/wp\/v2\/comments?post=14265"}],"version-history":[{"count":1,"href":"https:\/\/sinprfsp.org.br\/index.php\/wp-json\/wp\/v2\/posts\/14265\/revisions"}],"predecessor-version":[{"id":14267,"href":"https:\/\/sinprfsp.org.br\/index.php\/wp-json\/wp\/v2\/posts\/14265\/revisions\/14267"}],"wp:featuredmedia":[{"embeddable":true,"href":"https:\/\/sinprfsp.org.br\/index.php\/wp-json\/wp\/v2\/media\/14266"}],"wp:attachment":[{"href":"https:\/\/sinprfsp.org.br\/index.php\/wp-json\/wp\/v2\/media?parent=14265"}],"wp:term":[{"taxonomy":"category","embeddable":true,"href":"https:\/\/sinprfsp.org.br\/index.php\/wp-json\/wp\/v2\/categories?post=14265"},{"taxonomy":"post_tag","embeddable":true,"href":"https:\/\/sinprfsp.org.br\/index.php\/wp-json\/wp\/v2\/tags?post=14265"}],"curies":[{"name":"wp","href":"https:\/\/api.w.org\/{rel}","templated":true}]}}