{"id":14285,"date":"2017-06-21T12:02:30","date_gmt":"2017-06-21T15:02:30","guid":{"rendered":"https:\/\/mjtom.com.br\/site1\/?p=14285"},"modified":"2022-01-07T13:03:14","modified_gmt":"2022-01-07T16:03:14","slug":"acao-deve-buscar-indenizacao-para-agentes-administrativos","status":"publish","type":"post","link":"https:\/\/sinprfsp.org.br\/index.php\/2017\/06\/21\/acao-deve-buscar-indenizacao-para-agentes-administrativos\/","title":{"rendered":"A\u00e7\u00e3o deve buscar indeniza\u00e7\u00e3o para Agentes Administrativos"},"content":{"rendered":"<div class=\"descricao\">\n<p style=\"text-align: justify;\"><span style=\"font-family: arial,helvetica,sans-serif; font-size: medium;\">\u00a0\u00a0\u00a0\u00a0\u00a0 Diretoria do SINPRF-SP solicitou na semana passada ao Escrit\u00f3rio Capano Passafaro estudo para a interposi\u00e7\u00e3o de a\u00e7\u00e3o judicial que pleiteie indeniza\u00e7\u00e3o por danos patrimoniais sofridos em raz\u00e3o de omiss\u00e3o do Poder Executivo, consistente no n\u00e3o encaminhamento de projeto de lei destinado a viabilizar reajuste geral anual dos vencimentos dos servidores administrativos do \u00f3rg\u00e3o.<\/span><\/p>\n<p style=\"text-align: justify;\"><span style=\"font-family: arial,helvetica,sans-serif; font-size: medium;\">\u00a0\u00a0\u00a0\u00a0\u00a0 A tese se baseia no Recurso Extraordin\u00e1rio n\u00ba 565089, que, em maio deste ano, retornou conclusos ao Ministro Relator Marco Aur\u00e9lio. A mat\u00e9ria, quando for decidida, ter\u00e1 repercuss\u00e3o geral, mas diante do descaso com que os servidores administrativos t\u00eam sido tratados (sem reajustes em seus vencimentos b\u00e1sicos entre 2010 e 2016!) o Sindicato decidiu solicitar \u00e0 banca de advogados da Capano que analise a possibilidade de propor a\u00e7\u00e3o nos mesmos moldes.<\/span><\/p>\n<p style=\"text-align: justify;\"><span style=\"font-family: arial,helvetica,sans-serif; font-size: medium;\">\u00a0\u00a0\u00a0\u00a0\u00a0 Hoje os Agentes Administrativos da PRF tem vencimentos inferiores aos da maioria dos \u00f3rg\u00e3os que possuem um Plano Especial de Cargos (como as Ag\u00eancias Reguladoras e o pr\u00f3prio DNIT de onde muitos s\u00e3o egressos). Al\u00e9m da flagrante injusti\u00e7a, este tratamento discriminat\u00f3rio dos Governos com os \u201cADMs\u201d da PRF tamb\u00e9m se reflete negativamente na busca da reestrutura\u00e7\u00e3o da carreira policial.<\/span><\/p>\n<p style=\"text-align: justify;\"><span style=\"font-family: arial,helvetica,sans-serif; font-size: medium;\">\u00a0\u00a0\u00a0\u00a0\u00a0 O fortalecimento da tese da obrigatoriedade da revis\u00e3o anual pode vir ser aplicada, por for\u00e7a da \u201crepercuss\u00e3o geral\u201d, inclusive aos vencimentos dos PRFs que, tomado em uma s\u00e9rie hist\u00f3rica maior, tamb\u00e9m tiveram rendimentos inferiores \u00e0 infla\u00e7\u00e3o acumulada no mesmo per\u00edodo.<\/span><\/p>\n<p style=\"text-align: justify;\"><span style=\"font-family: arial,helvetica,sans-serif; font-size: medium;\">\u00a0\u00a0\u00a0\u00a0\u00a0 A Constitui\u00e7\u00e3o Federal, em seu artigo 37, inciso X, assegura a revis\u00e3o geral anual dos vencimentos dos servidores p\u00fablicos atrav\u00e9s de lei espec\u00edfica, mas este direito \u00e9 sistematicamente negligenciado. A a\u00e7\u00e3o solicitada \u00e0 Capano n\u00e3o visa o aumento nos vencimentos, mas do direito dos Servidores P\u00fablicos \u00e0 indeniza\u00e7\u00e3o pelas perdas inflacion\u00e1rias sofridas nos \u00faltimos anos.<\/span><\/p>\n<p style=\"text-align: justify;\"><span style=\"font-family: arial,helvetica,sans-serif; font-size: medium;\">\u00a0\u00a0\u00a0\u00a0\u00a0 O Ministro Marco Aur\u00e9lio, no julgamento do referido RE 565089, j\u00e1 entendeu haver inobserv\u00e2ncia da cl\u00e1usula constitucional da reposi\u00e7\u00e3o do poder aquisitivo dos vencimentos dos servidores (segue ao final o voto em \u00edntegra em PDF). Nas palavras do Ministro, &#8220;comando e san\u00e7\u00e3o s\u00e3o insepar\u00e1veis. Havendo omiss\u00e3o, o estado deve indenizar. Se o Estado n\u00e3o agiu, responde pela inc\u00faria, defici\u00eancia ou inefici\u00eancia.&#8221;<\/span><\/p>\n<p style=\"text-align: justify;\"><span style=\"font-family: arial,helvetica,sans-serif; font-size: medium;\">\u00a0\u00a0\u00a0\u00a0\u00a0 Como o Douto Ministro tamb\u00e9m entendemos que o Artigo 37 de nossa da Carta Magna \u00e9 norma definidora de direito e cogente, n\u00e3o devendo ser considerada como regra meramente program\u00e1tica, sem cunho coercitivo.<\/span><\/p>\n<p style=\"text-align: justify;\"><span style=\"font-family: arial,helvetica,sans-serif; font-size: medium;\">\u00a0<\/span><\/p>\n<p style=\"text-align: justify;\"><strong><span style=\"font-family: arial,helvetica,sans-serif; font-size: medium;\">Representa\u00e7\u00e3o dos Administrativos pelo SINPRF-SP<\/span><\/strong><\/p>\n<p style=\"text-align: justify;\"><span style=\"font-family: arial,helvetica,sans-serif; font-size: medium;\">\u00a0\u00a0\u00a0\u00a0\u00a0 Desde a reforma do Estatuto de nossa entidade em 2014, todos os \u201cservidores p\u00fablicos federais integrantes dos quadros de servidores da Pol\u00edcia Rodovi\u00e1ria Federal do servi\u00e7o ativo e os servidores inativos, bem como, na condi\u00e7\u00e3o de filiados especiais, pensionistas vital\u00edcios\u201d (Artigo 5\u00ba Estatuto) podem ser filiados ao SINPRF-SP. Esta medida visa fortalecer todo o \u00d3rg\u00e3o, na medida que n\u00e3o h\u00e1 uma PRF forte com quadros de apoio sendo tratados como de segunda classe.<\/span><\/p>\n<p style=\"text-align: justify;\"><span style=\"font-family: arial,helvetica,sans-serif; font-size: medium;\">\u00a0\u00a0\u00a0\u00a0\u00a0 Aguardaremos a pronta resposta dos nossos colaboradores da Capano.<\/span><\/p>\n<\/div>\n","protected":false},"excerpt":{"rendered":"<p>\u00a0\u00a0\u00a0\u00a0\u00a0 Diretoria do SINPRF-SP solicitou na semana passada ao Escrit\u00f3rio Capano Passafaro estudo para a interposi\u00e7\u00e3o de a\u00e7\u00e3o judicial que pleiteie indeniza\u00e7\u00e3o por danos patrimoniais sofridos em raz\u00e3o de omiss\u00e3o do Poder Executivo, consistente no n\u00e3o encaminhamento de projeto de lei destinado a viabilizar reajuste geral anual dos vencimentos dos servidores administrativos do \u00f3rg\u00e3o. \u00a0\u00a0\u00a0\u00a0\u00a0 [&hellip;]<\/p>\n","protected":false},"author":3,"featured_media":14286,"comment_status":"closed","ping_status":"closed","sticky":false,"template":"","format":"standard","meta":{"footnotes":""},"categories":[41],"tags":[],"class_list":["post-14285","post","type-post","status-publish","format-standard","has-post-thumbnail","hentry","category-noticias-em-destaque"],"_links":{"self":[{"href":"https:\/\/sinprfsp.org.br\/index.php\/wp-json\/wp\/v2\/posts\/14285","targetHints":{"allow":["GET"]}}],"collection":[{"href":"https:\/\/sinprfsp.org.br\/index.php\/wp-json\/wp\/v2\/posts"}],"about":[{"href":"https:\/\/sinprfsp.org.br\/index.php\/wp-json\/wp\/v2\/types\/post"}],"author":[{"embeddable":true,"href":"https:\/\/sinprfsp.org.br\/index.php\/wp-json\/wp\/v2\/users\/3"}],"replies":[{"embeddable":true,"href":"https:\/\/sinprfsp.org.br\/index.php\/wp-json\/wp\/v2\/comments?post=14285"}],"version-history":[{"count":1,"href":"https:\/\/sinprfsp.org.br\/index.php\/wp-json\/wp\/v2\/posts\/14285\/revisions"}],"predecessor-version":[{"id":14287,"href":"https:\/\/sinprfsp.org.br\/index.php\/wp-json\/wp\/v2\/posts\/14285\/revisions\/14287"}],"wp:featuredmedia":[{"embeddable":true,"href":"https:\/\/sinprfsp.org.br\/index.php\/wp-json\/wp\/v2\/media\/14286"}],"wp:attachment":[{"href":"https:\/\/sinprfsp.org.br\/index.php\/wp-json\/wp\/v2\/media?parent=14285"}],"wp:term":[{"taxonomy":"category","embeddable":true,"href":"https:\/\/sinprfsp.org.br\/index.php\/wp-json\/wp\/v2\/categories?post=14285"},{"taxonomy":"post_tag","embeddable":true,"href":"https:\/\/sinprfsp.org.br\/index.php\/wp-json\/wp\/v2\/tags?post=14285"}],"curies":[{"name":"wp","href":"https:\/\/api.w.org\/{rel}","templated":true}]}}