{"id":14294,"date":"2017-06-13T12:02:41","date_gmt":"2017-06-13T15:02:41","guid":{"rendered":"https:\/\/mjtom.com.br\/site1\/?p=14294"},"modified":"2022-01-07T13:03:14","modified_gmt":"2022-01-07T16:03:14","slug":"fenaprf-elege-nova-diretoria-para-trienio-2017-2020","status":"publish","type":"post","link":"https:\/\/sinprfsp.org.br\/index.php\/2017\/06\/13\/fenaprf-elege-nova-diretoria-para-trienio-2017-2020\/","title":{"rendered":"FenaPRF elege nova diretoria para tri\u00eanio 2017-2020"},"content":{"rendered":"<div class=\"descricao\">\n<p class=\"Pargrafobsico\">O presidente do Sindicato dos Policiais Rodovi\u00e1rios Federais no Estado de S\u00e3o Paulo (SINPRF-SP), F\u00e1bio Lu\u00eds de Almeida e o Delegado Representante Marcos de Jesus Viana participaram no \u00faltimo dia 07 de junho, da Assembleia Geral realizada pela Federa\u00e7\u00e3o Nacional dos Policiais Rodovi\u00e1rios Federais (FenaPRF), para a elei\u00e7\u00e3o da nova diretoria que estar\u00e1 \u00e0 frente da entidade no tri\u00eanio 2017-2020.<\/p>\n<p class=\"Pargrafobsico\">Como a diretoria executiva contou com a inscri\u00e7\u00e3o de uma chapa \u00fanica, a mesma foi definida por aclama\u00e7\u00e3o. J\u00e1 para os cargos dos conselhos fiscal e de \u00e9tica, foi realizada elei\u00e7\u00e3o.<\/p>\n<p class=\"Pargrafobsico\">No conselho de \u00e9tica, quatro candidatos inscritos pleitearam tr\u00eas vagas para titular e tr\u00eas de suplentes. Para o conselho fiscal, nove pessoas pleitearam seis vagas. O delegado representante do SINPRF-SP, Marcos de Jesus Viana, que concorria a uma das vagas do conselho fiscal foi eleito como suplente.<\/p>\n<p>A posse da nova diretoria executiva, bem como dos conselheiros fiscais e de \u00e9tica ser\u00e1 realizada em agosto.<\/p>\n<p>\u00a0<\/p>\n<p class=\"Pargrafobsico\"><strong>Diretoria Executiva FenaPRF 2017-2020<\/strong><\/p>\n<p>\u00a0<\/p>\n<p class=\"Pargrafobsico\">Presidente: Deolindo Paulo Carniel (RS)<\/p>\n<p class=\"Pargrafobsico\">Vice-Presidente: Dovercino Borges Neto (SE)<\/p>\n<p class=\"Pargrafobsico\">Diretor de Secretaria: Lourismar da Silva Duarte (CE)<\/p>\n<p class=\"Pargrafobsico\">Diretor de Secretaria Substituto: Jos\u00e9 Aurivan de Freitas (PB)<\/p>\n<p class=\"Pargrafobsico\">Diretor de Finan\u00e7as: Ricardo Jos\u00e9 de Souza S\u00e1 (ES)<\/p>\n<p class=\"Pargrafobsico\">Diretor de Finan\u00e7as Substituto: Reginaldo Galdino da Silva (AL)<\/p>\n<p class=\"Pargrafobsico\">Diretor de Patrim\u00f4nio: Itler Jos\u00e9 de Oliveira (ES)<\/p>\n<p class=\"Pargrafobsico\">Diretor de Patrim\u00f4nio Substituto: Ant\u00f4nio Carlos Correia de Lima (PA)<\/p>\n<p class=\"Pargrafobsico\">Diretor Jur\u00eddico: Tiago Arruda Cardoso da Silva (PE)<\/p>\n<p class=\"Pargrafobsico\">Diretor Jur\u00eddico Substituto: Marcelo de Azevedo (GO)<\/p>\n<p class=\"Pargrafobsico\">Diretor Parlamentar: Pedro da Silva Cavalcanti (PE)<\/p>\n<p class=\"Pargrafobsico\">Diretor Parlamentar Substituto: Arthur Geovani da Cunha (MS)<\/p>\n<p class=\"Pargrafobsico\">Diretor de Comunica\u00e7\u00e3o e Divulga\u00e7\u00e3o: F\u00e1bio Henrique Silva Jardim (MG)<\/p>\n<p>Diretor de Com. e Divulga\u00e7\u00e3o Substituto: Everson Feuser (SC)<\/p>\n<p class=\"Pargrafobsico\"><strong>Conselho Fiscal <\/strong><\/p>\n<p class=\"Pargrafobsico\"><strong>Titulares:<\/strong><\/p>\n<p class=\"Pargrafobsico\">Sanderson de Farias Oliveira (RN)<\/p>\n<p class=\"Pargrafobsico\">Marco Ant\u00f4nio Pampolha Gomes da Silva (TO)<\/p>\n<p class=\"Pargrafobsico\">Martinho Ant\u00f4nio dos Santos (PB)<\/p>\n<p class=\"Pargrafobsico\"><strong>Suplentes:<\/strong><\/p>\n<p class=\"Pargrafobsico\">F\u00e1bio Serravalle Franco (BA)<\/p>\n<p class=\"Pargrafobsico\">Ademur Ant\u00f4nio J\u00fanior (DF)<\/p>\n<p>Marcos de Jesus Viana (SP)<\/p>\n<p class=\"Pargrafobsico\"><strong>Conselho de \u00c9tica:<\/strong><\/p>\n<p class=\"Pargrafobsico\"><strong>Titulares:<\/strong><\/p>\n<p class=\"Pargrafobsico\">Jos\u00e9 Pereira Barros (SE)<\/p>\n<p class=\"Pargrafobsico\">Edjailson Tavares dos Santos (PE)<\/p>\n<p class=\"Pargrafobsico\">Tatiane Vasques Monteiro (CE)<\/p>\n<p class=\"Pargrafobsico\"><strong>Suplente:<\/strong><\/p>\n<p>Ernani Gomes de Andrade (CE)<\/p>\n<\/div>\n","protected":false},"excerpt":{"rendered":"<p>O presidente do Sindicato dos Policiais Rodovi\u00e1rios Federais no Estado de S\u00e3o Paulo (SINPRF-SP), F\u00e1bio Lu\u00eds de Almeida e o Delegado Representante Marcos de Jesus Viana participaram no \u00faltimo dia 07 de junho, da Assembleia Geral realizada pela Federa\u00e7\u00e3o Nacional dos Policiais Rodovi\u00e1rios Federais (FenaPRF), para a elei\u00e7\u00e3o da nova diretoria que estar\u00e1 \u00e0 frente [&hellip;]<\/p>\n","protected":false},"author":3,"featured_media":14295,"comment_status":"closed","ping_status":"closed","sticky":false,"template":"","format":"standard","meta":{"footnotes":""},"categories":[41],"tags":[],"class_list":["post-14294","post","type-post","status-publish","format-standard","has-post-thumbnail","hentry","category-noticias-em-destaque"],"_links":{"self":[{"href":"https:\/\/sinprfsp.org.br\/index.php\/wp-json\/wp\/v2\/posts\/14294","targetHints":{"allow":["GET"]}}],"collection":[{"href":"https:\/\/sinprfsp.org.br\/index.php\/wp-json\/wp\/v2\/posts"}],"about":[{"href":"https:\/\/sinprfsp.org.br\/index.php\/wp-json\/wp\/v2\/types\/post"}],"author":[{"embeddable":true,"href":"https:\/\/sinprfsp.org.br\/index.php\/wp-json\/wp\/v2\/users\/3"}],"replies":[{"embeddable":true,"href":"https:\/\/sinprfsp.org.br\/index.php\/wp-json\/wp\/v2\/comments?post=14294"}],"version-history":[{"count":1,"href":"https:\/\/sinprfsp.org.br\/index.php\/wp-json\/wp\/v2\/posts\/14294\/revisions"}],"predecessor-version":[{"id":14296,"href":"https:\/\/sinprfsp.org.br\/index.php\/wp-json\/wp\/v2\/posts\/14294\/revisions\/14296"}],"wp:featuredmedia":[{"embeddable":true,"href":"https:\/\/sinprfsp.org.br\/index.php\/wp-json\/wp\/v2\/media\/14295"}],"wp:attachment":[{"href":"https:\/\/sinprfsp.org.br\/index.php\/wp-json\/wp\/v2\/media?parent=14294"}],"wp:term":[{"taxonomy":"category","embeddable":true,"href":"https:\/\/sinprfsp.org.br\/index.php\/wp-json\/wp\/v2\/categories?post=14294"},{"taxonomy":"post_tag","embeddable":true,"href":"https:\/\/sinprfsp.org.br\/index.php\/wp-json\/wp\/v2\/tags?post=14294"}],"curies":[{"name":"wp","href":"https:\/\/api.w.org\/{rel}","templated":true}]}}