{"id":14309,"date":"2017-06-05T12:03:00","date_gmt":"2017-06-05T15:03:00","guid":{"rendered":"https:\/\/mjtom.com.br\/site1\/?p=14309"},"modified":"2022-01-07T13:03:14","modified_gmt":"2022-01-07T16:03:14","slug":"prfs-e-familiares-participam-de-palestra-sobre-a-cura-reconectiva","status":"publish","type":"post","link":"https:\/\/sinprfsp.org.br\/index.php\/2017\/06\/05\/prfs-e-familiares-participam-de-palestra-sobre-a-cura-reconectiva\/","title":{"rendered":"PRFs e familiares participam de palestra sobre a Cura Reconectiva"},"content":{"rendered":"<div class=\"descricao\">\n<p class=\"Pargrafobsico\"><span>Policiais Rodovi\u00e1rios Federais e familiares tiveram uma manh\u00e3 muito produtiva e repleta de boas energias no \u00faltimo dia 1\u00ba de junho, ao participarem da palestra Cura Reconectiva, ministrada pela facilitadora Mari\u00e3 Jos\u00e9, certificada pela The Reconnection.<\/span><\/p>\n<p class=\"Pargrafobsico\"><span>Na palestra, realizada na sede do sindicato, Mari\u00e3 Jos\u00e9 falou sobre a dif\u00edcil tarefa de se manter em equil\u00edbrio nos dias atuais, ainda mais para profissionais da seguran\u00e7a p\u00fablica, que possuem uma rotina que propicia o desgaste f\u00edsico e mental, e como a Cura Reconectiva ajuda ao proporcionar equil\u00edbrio nos n\u00edveis mental, f\u00edsico e emocional, retornando a pessoa a um estado perfeito de integralidade e vitalidade.<\/span><\/p>\n<p class=\"Pargrafobsico\"><span>Mari\u00e3 Jos\u00e9 explicou na ocasi\u00e3o que a Cura Reconectiva d\u00e1 acesso a uma consci\u00eancia interior que promove a for\u00e7a, recursos intelectuais e sabedoria. \u201cQuando estamos em harmonia, o que parecia ser potencialmente inalcan\u00e7\u00e1vel torna-se realidade\u201d, disse.<\/span><\/p>\n<p class=\"Pargrafobsico\"><span>Os interessados podem obter mais informa\u00e7\u00f5es por meio da fanpage: www.facebook.com\/curareconectivadovale, pelo e-mail: curareconectivadovale@gmail.com ou pelo telefone: (12) 98143-2438.<\/span><\/p>\n<\/div>\n","protected":false},"excerpt":{"rendered":"<p>Policiais Rodovi\u00e1rios Federais e familiares tiveram uma manh\u00e3 muito produtiva e repleta de boas energias no \u00faltimo dia 1\u00ba de junho, ao participarem da palestra Cura Reconectiva, ministrada pela facilitadora Mari\u00e3 Jos\u00e9, certificada pela The Reconnection. Na palestra, realizada na sede do sindicato, Mari\u00e3 Jos\u00e9 falou sobre a dif\u00edcil tarefa de se manter em equil\u00edbrio [&hellip;]<\/p>\n","protected":false},"author":3,"featured_media":14310,"comment_status":"closed","ping_status":"closed","sticky":false,"template":"","format":"standard","meta":{"footnotes":""},"categories":[41],"tags":[],"class_list":["post-14309","post","type-post","status-publish","format-standard","has-post-thumbnail","hentry","category-noticias-em-destaque"],"_links":{"self":[{"href":"https:\/\/sinprfsp.org.br\/index.php\/wp-json\/wp\/v2\/posts\/14309","targetHints":{"allow":["GET"]}}],"collection":[{"href":"https:\/\/sinprfsp.org.br\/index.php\/wp-json\/wp\/v2\/posts"}],"about":[{"href":"https:\/\/sinprfsp.org.br\/index.php\/wp-json\/wp\/v2\/types\/post"}],"author":[{"embeddable":true,"href":"https:\/\/sinprfsp.org.br\/index.php\/wp-json\/wp\/v2\/users\/3"}],"replies":[{"embeddable":true,"href":"https:\/\/sinprfsp.org.br\/index.php\/wp-json\/wp\/v2\/comments?post=14309"}],"version-history":[{"count":1,"href":"https:\/\/sinprfsp.org.br\/index.php\/wp-json\/wp\/v2\/posts\/14309\/revisions"}],"predecessor-version":[{"id":14311,"href":"https:\/\/sinprfsp.org.br\/index.php\/wp-json\/wp\/v2\/posts\/14309\/revisions\/14311"}],"wp:featuredmedia":[{"embeddable":true,"href":"https:\/\/sinprfsp.org.br\/index.php\/wp-json\/wp\/v2\/media\/14310"}],"wp:attachment":[{"href":"https:\/\/sinprfsp.org.br\/index.php\/wp-json\/wp\/v2\/media?parent=14309"}],"wp:term":[{"taxonomy":"category","embeddable":true,"href":"https:\/\/sinprfsp.org.br\/index.php\/wp-json\/wp\/v2\/categories?post=14309"},{"taxonomy":"post_tag","embeddable":true,"href":"https:\/\/sinprfsp.org.br\/index.php\/wp-json\/wp\/v2\/tags?post=14309"}],"curies":[{"name":"wp","href":"https:\/\/api.w.org\/{rel}","templated":true}]}}