{"id":14312,"date":"2017-06-05T12:03:04","date_gmt":"2017-06-05T15:03:04","guid":{"rendered":"https:\/\/mjtom.com.br\/site1\/?p=14312"},"modified":"2022-01-07T13:03:14","modified_gmt":"2022-01-07T16:03:14","slug":"emocao-marca-a-despedida-do-policial-rodoviario-federal-castro","status":"publish","type":"post","link":"https:\/\/sinprfsp.org.br\/index.php\/2017\/06\/05\/emocao-marca-a-despedida-do-policial-rodoviario-federal-castro\/","title":{"rendered":"Emo\u00e7\u00e3o marca a despedida do Policial Rodovi\u00e1rio Federal Castro"},"content":{"rendered":"<div class=\"descricao\">\n<p class=\"Pargrafobsico\"><span>Saudade de momentos que marcaram a vida com um toque especial de amizade e companheirismo. Esse foi o sentimento que dominou a despedida do querido Castro.<\/span><\/p>\n<p class=\"Pargrafobsico\"><span>O Policial Rodovi\u00e1rio Federal Benedito Monteiro de Castro, faleceu nesta quinta-feira (01), aos 69 anos de idade. Sua despedida contou com a presen\u00e7a de muitos PRFs ativos e aposentados e possibilitou a todos os presentes recordarem situa\u00e7\u00f5es dif\u00edceis de plant\u00f5es, mas principalmente que esses momentos, quando vividos ao lado do PRF, eram amenizados pelo forte companheirismo do amigo.<\/span><\/p>\n<p class=\"Pargrafobsico\"><span>Castro ingressou na Pol\u00edcia Rodovi\u00e1ria Federal em 01 de Maio de 1975, e foi lotado na 6\u00aa Delegacia da PRF em Taubat\u00e9. <\/span><\/p>\n<p class=\"Pargrafobsico\"><span>Ao perguntarmos aos colegas de trabalho, todos s\u00e3o un\u00e2nimes em responder que a principal caracter\u00edstica de Castro era seu companheirismo.<\/span><\/p>\n<p class=\"Pargrafobsico\"><span>\u201cGrande companheiro. Quantas noites, quanta chuva nas costas&#8230; Ele ali socorrendo vidas. Ele foi um grande companheiro nas horas de trag\u00e9dia. Vai em paz meu irm\u00e3o\u201d, desabafou o Policial Rodovi\u00e1rio Federal Raul Bento, lotado na 6\u00aa DelPRF em Taubat\u00e9.<\/span><\/p>\n<p class=\"Pargrafobsico\"><span>O presidente do SINPRF-SP, F\u00e1bio Lu\u00eds de Almeida, ao se lembrar do PRF, explicou que Castro era extremamente bondoso. \u201cCastro era uma pessoa diferenciada. Era extremamente bondoso e companheiro. Ele tinha uma preocupa\u00e7\u00e3o enorme com os colegas\u201d, disse.<\/span><\/p>\n<p class=\"Pargrafobsico\"><span>\u201cNeste momento rogamos a Deus, f\u00e9 e resigna\u00e7\u00e3o para que a fam\u00edlia possa superar este momento de dor e grande perda\u201d, finaliza Almeida.<\/span><\/p>\n<\/div>\n","protected":false},"excerpt":{"rendered":"<p>Saudade de momentos que marcaram a vida com um toque especial de amizade e companheirismo. Esse foi o sentimento que dominou a despedida do querido Castro. O Policial Rodovi\u00e1rio Federal Benedito Monteiro de Castro, faleceu nesta quinta-feira (01), aos 69 anos de idade. Sua despedida contou com a presen\u00e7a de muitos PRFs ativos e aposentados [&hellip;]<\/p>\n","protected":false},"author":3,"featured_media":14313,"comment_status":"closed","ping_status":"closed","sticky":false,"template":"","format":"standard","meta":{"footnotes":""},"categories":[41],"tags":[],"class_list":["post-14312","post","type-post","status-publish","format-standard","has-post-thumbnail","hentry","category-noticias-em-destaque"],"_links":{"self":[{"href":"https:\/\/sinprfsp.org.br\/index.php\/wp-json\/wp\/v2\/posts\/14312","targetHints":{"allow":["GET"]}}],"collection":[{"href":"https:\/\/sinprfsp.org.br\/index.php\/wp-json\/wp\/v2\/posts"}],"about":[{"href":"https:\/\/sinprfsp.org.br\/index.php\/wp-json\/wp\/v2\/types\/post"}],"author":[{"embeddable":true,"href":"https:\/\/sinprfsp.org.br\/index.php\/wp-json\/wp\/v2\/users\/3"}],"replies":[{"embeddable":true,"href":"https:\/\/sinprfsp.org.br\/index.php\/wp-json\/wp\/v2\/comments?post=14312"}],"version-history":[{"count":1,"href":"https:\/\/sinprfsp.org.br\/index.php\/wp-json\/wp\/v2\/posts\/14312\/revisions"}],"predecessor-version":[{"id":14314,"href":"https:\/\/sinprfsp.org.br\/index.php\/wp-json\/wp\/v2\/posts\/14312\/revisions\/14314"}],"wp:featuredmedia":[{"embeddable":true,"href":"https:\/\/sinprfsp.org.br\/index.php\/wp-json\/wp\/v2\/media\/14313"}],"wp:attachment":[{"href":"https:\/\/sinprfsp.org.br\/index.php\/wp-json\/wp\/v2\/media?parent=14312"}],"wp:term":[{"taxonomy":"category","embeddable":true,"href":"https:\/\/sinprfsp.org.br\/index.php\/wp-json\/wp\/v2\/categories?post=14312"},{"taxonomy":"post_tag","embeddable":true,"href":"https:\/\/sinprfsp.org.br\/index.php\/wp-json\/wp\/v2\/tags?post=14312"}],"curies":[{"name":"wp","href":"https:\/\/api.w.org\/{rel}","templated":true}]}}