{"id":14344,"date":"2017-05-22T12:04:47","date_gmt":"2017-05-22T15:04:47","guid":{"rendered":"https:\/\/mjtom.com.br\/site1\/?p=14344"},"modified":"2022-01-07T13:03:14","modified_gmt":"2022-01-07T16:03:14","slug":"presidente-do-sinprf-sp-concede-entrevista-a-radio-brasil","status":"publish","type":"post","link":"https:\/\/sinprfsp.org.br\/index.php\/2017\/05\/22\/presidente-do-sinprf-sp-concede-entrevista-a-radio-brasil\/","title":{"rendered":"Presidente do SINPRF-SP concede entrevista \u00e0 radio Brasil"},"content":{"rendered":"<div class=\"descricao\">\n<p>Nesta \u00faltima ter\u00e7a-feira (16) o presidente do SINPRF-SP, F\u00e1bio Lu\u00eds de Almeida concedeu uma entrevista \u00e0 r\u00e1dio Brasil FM.<\/p>\n<p>Na ocasi\u00e3o, o dirigente sindical falou sobre a arbitr\u00e1ria e antidemocr\u00e1tica Reforma da Previd\u00eancia.<\/p>\n<\/div>\n","protected":false},"excerpt":{"rendered":"<p>Nesta \u00faltima ter\u00e7a-feira (16) o presidente do SINPRF-SP, F\u00e1bio Lu\u00eds de Almeida concedeu uma entrevista \u00e0 r\u00e1dio Brasil FM. Na ocasi\u00e3o, o dirigente sindical falou sobre a arbitr\u00e1ria e antidemocr\u00e1tica Reforma da Previd\u00eancia.<\/p>\n","protected":false},"author":3,"featured_media":14345,"comment_status":"closed","ping_status":"closed","sticky":false,"template":"","format":"standard","meta":{"footnotes":""},"categories":[1],"tags":[],"class_list":["post-14344","post","type-post","status-publish","format-standard","has-post-thumbnail","hentry","category-noticias-gerais"],"_links":{"self":[{"href":"https:\/\/sinprfsp.org.br\/index.php\/wp-json\/wp\/v2\/posts\/14344","targetHints":{"allow":["GET"]}}],"collection":[{"href":"https:\/\/sinprfsp.org.br\/index.php\/wp-json\/wp\/v2\/posts"}],"about":[{"href":"https:\/\/sinprfsp.org.br\/index.php\/wp-json\/wp\/v2\/types\/post"}],"author":[{"embeddable":true,"href":"https:\/\/sinprfsp.org.br\/index.php\/wp-json\/wp\/v2\/users\/3"}],"replies":[{"embeddable":true,"href":"https:\/\/sinprfsp.org.br\/index.php\/wp-json\/wp\/v2\/comments?post=14344"}],"version-history":[{"count":1,"href":"https:\/\/sinprfsp.org.br\/index.php\/wp-json\/wp\/v2\/posts\/14344\/revisions"}],"predecessor-version":[{"id":14346,"href":"https:\/\/sinprfsp.org.br\/index.php\/wp-json\/wp\/v2\/posts\/14344\/revisions\/14346"}],"wp:featuredmedia":[{"embeddable":true,"href":"https:\/\/sinprfsp.org.br\/index.php\/wp-json\/wp\/v2\/media\/14345"}],"wp:attachment":[{"href":"https:\/\/sinprfsp.org.br\/index.php\/wp-json\/wp\/v2\/media?parent=14344"}],"wp:term":[{"taxonomy":"category","embeddable":true,"href":"https:\/\/sinprfsp.org.br\/index.php\/wp-json\/wp\/v2\/categories?post=14344"},{"taxonomy":"post_tag","embeddable":true,"href":"https:\/\/sinprfsp.org.br\/index.php\/wp-json\/wp\/v2\/tags?post=14344"}],"curies":[{"name":"wp","href":"https:\/\/api.w.org\/{rel}","templated":true}]}}