{"id":14358,"date":"2017-05-15T12:06:09","date_gmt":"2017-05-15T15:06:09","guid":{"rendered":"https:\/\/mjtom.com.br\/site1\/?p=14358"},"modified":"2022-01-07T13:03:13","modified_gmt":"2022-01-07T16:03:13","slug":"nova-parceria-do-sinprf-sp-oferece-sessao-de-cura-reconectiva","status":"publish","type":"post","link":"https:\/\/sinprfsp.org.br\/index.php\/2017\/05\/15\/nova-parceria-do-sinprf-sp-oferece-sessao-de-cura-reconectiva\/","title":{"rendered":"Nova parceria do SINPRF-SP oferece sess\u00e3o de Cura Reconectiva"},"content":{"rendered":"<div class=\"descricao\">\n<p class=\"Pargrafobsico\"><span>Conscientes da dif\u00edcil tarefa em se manter em um estado de equil\u00edbrio tendo uma profiss\u00e3o, em que o desgaste f\u00edsico e mental se faz presentes no dia a dia, o SINPRF-SP firmou parceria com Mari\u00e3 Jos\u00e9, praticante e facilitadora da Cura Reconectiva, certificada pela The Reconnection.<\/span><\/p>\n<p class=\"Pargrafobsico\"><span>\u00a0Por meio da parceria, os Policiais Rodovi\u00e1rios Federais sindicalizados ao SINPRF-SP ter\u00e3o acesso \u00e0 sess\u00e3o de Cura Reconectiva, que tem como objetivo proporcionar o equil\u00edbrio nos n\u00edveis mental, f\u00edsico, emocional, entre outros, retornando a pessoa a um estado perfeito de equil\u00edbrio, integralidade e vitalidade.<\/span><\/p>\n<p class=\"Pargrafobsico\"><span>\u201cA Cura Reconectiva d\u00e1 acesso a uma consci\u00eancia interior que promove a for\u00e7a, recursos intelectuais, sabedoria, estabilidade emocional e vitalidade f\u00edsica e aquilo que parecia ser potencialmente inalcan\u00e7\u00e1vel, torna-se realidade\u201d, explica Mari\u00e3 Jos\u00e9.<\/span><\/p>\n<p class=\"Pargrafobsico\"><span>Mari\u00e3 Jos\u00e9 realizar\u00e1 palestras nas Delegacias PRFs explicando ao efetivo como funciona a Cura Reconectiva. <\/span><\/p>\n<p class=\"Pargrafobsico\"><span>Os interessados podem obter mais informa\u00e7\u00f5es por meio da fanpage: www.facebook.com\/curareconectivadovale, pelo e-mail: curareconectivadovale@gmail.com ou pelo telefone: (12) 98143-2438.<\/span><\/p>\n<\/div>\n","protected":false},"excerpt":{"rendered":"<p>Conscientes da dif\u00edcil tarefa em se manter em um estado de equil\u00edbrio tendo uma profiss\u00e3o, em que o desgaste f\u00edsico e mental se faz presentes no dia a dia, o SINPRF-SP firmou parceria com Mari\u00e3 Jos\u00e9, praticante e facilitadora da Cura Reconectiva, certificada pela The Reconnection. \u00a0Por meio da parceria, os Policiais Rodovi\u00e1rios Federais sindicalizados [&hellip;]<\/p>\n","protected":false},"author":3,"featured_media":14359,"comment_status":"closed","ping_status":"closed","sticky":false,"template":"","format":"standard","meta":{"footnotes":""},"categories":[41],"tags":[],"class_list":["post-14358","post","type-post","status-publish","format-standard","has-post-thumbnail","hentry","category-noticias-em-destaque"],"_links":{"self":[{"href":"https:\/\/sinprfsp.org.br\/index.php\/wp-json\/wp\/v2\/posts\/14358","targetHints":{"allow":["GET"]}}],"collection":[{"href":"https:\/\/sinprfsp.org.br\/index.php\/wp-json\/wp\/v2\/posts"}],"about":[{"href":"https:\/\/sinprfsp.org.br\/index.php\/wp-json\/wp\/v2\/types\/post"}],"author":[{"embeddable":true,"href":"https:\/\/sinprfsp.org.br\/index.php\/wp-json\/wp\/v2\/users\/3"}],"replies":[{"embeddable":true,"href":"https:\/\/sinprfsp.org.br\/index.php\/wp-json\/wp\/v2\/comments?post=14358"}],"version-history":[{"count":1,"href":"https:\/\/sinprfsp.org.br\/index.php\/wp-json\/wp\/v2\/posts\/14358\/revisions"}],"predecessor-version":[{"id":14360,"href":"https:\/\/sinprfsp.org.br\/index.php\/wp-json\/wp\/v2\/posts\/14358\/revisions\/14360"}],"wp:featuredmedia":[{"embeddable":true,"href":"https:\/\/sinprfsp.org.br\/index.php\/wp-json\/wp\/v2\/media\/14359"}],"wp:attachment":[{"href":"https:\/\/sinprfsp.org.br\/index.php\/wp-json\/wp\/v2\/media?parent=14358"}],"wp:term":[{"taxonomy":"category","embeddable":true,"href":"https:\/\/sinprfsp.org.br\/index.php\/wp-json\/wp\/v2\/categories?post=14358"},{"taxonomy":"post_tag","embeddable":true,"href":"https:\/\/sinprfsp.org.br\/index.php\/wp-json\/wp\/v2\/tags?post=14358"}],"curies":[{"name":"wp","href":"https:\/\/api.w.org\/{rel}","templated":true}]}}