{"id":14370,"date":"2017-05-13T12:06:24","date_gmt":"2017-05-13T15:06:24","guid":{"rendered":"https:\/\/mjtom.com.br\/site1\/?p=14370"},"modified":"2022-01-07T13:03:13","modified_gmt":"2022-01-07T16:03:13","slug":"sinprf-sp-realiza-homenagem-ao-dia-das-maes","status":"publish","type":"post","link":"https:\/\/sinprfsp.org.br\/index.php\/2017\/05\/13\/sinprf-sp-realiza-homenagem-ao-dia-das-maes\/","title":{"rendered":"SINPRF-SP realiza homenagem ao Dia das M\u00e3es"},"content":{"rendered":"<div class=\"descricao\">\n<p class=\"Pargrafobsico\"><span>A manh\u00e3 desta \u00faltima quarta-feira (10) foi marcada por homenagens na sede do Sindicato dos Policiais Rodovi\u00e1rios Federais no Estado de S\u00e3o Paulo (SINPRF-SP). A diretoria do sindicato realizou uma homenagem ao Dia das M\u00e3es que contou com a participa\u00e7\u00e3o de diversas m\u00e3es da fam\u00edlia PRF.<\/span><\/p>\n<p class=\"Pargrafobsico\"><span>As homenageadas foram recepcionadas com um delicioso caf\u00e9 da manh\u00e3 e depois tiveram seu momento Spa, que contou com massagem relaxante e sess\u00f5es de depila\u00e7\u00e3o, al\u00e9m de consultoria de moda, que apresentou as tend\u00eancias para o inverno.<\/span><\/p>\n<p class=\"Pargrafobsico\"><span>Um momento muito enriquecedor para as participantes foi a roda de conversa, mediada pela psic\u00f3loga Patr\u00edcia Fernandes, que abordou a import\u00e2ncia da m\u00e3e no desenvolvimento dos filhos.<\/span><\/p>\n<p class=\"Pargrafobsico\"><span>\u201cNossa roda de conversa foi muito proveitosa. As m\u00e3es compartilharam experi\u00eancias, ang\u00fastias e medos. Foi uma viv\u00eancia rica no sentir e partilhar\u201d, explicou Patr\u00edcia Fernandes.<\/span><\/p>\n<p class=\"Pargrafobsico\"><span>Para o Presidente do SINPRF-SP, F\u00e1bio Lu\u00eds de Almeida, a manh\u00e3 foi muito enriquecedora. \u201cNesta manh\u00e3 al\u00e9m de homenagearmos as m\u00e3es, conseguimos <span>proporcionar a elas uma manh\u00e3 diferente, leve, com reencontros e descontra\u00e7\u00e3o. Desta forma posso dizer que atingimos nosso objetivo\u201d, disse.<\/span><\/span><\/p>\n<\/div>\n","protected":false},"excerpt":{"rendered":"<p>A manh\u00e3 desta \u00faltima quarta-feira (10) foi marcada por homenagens na sede do Sindicato dos Policiais Rodovi\u00e1rios Federais no Estado de S\u00e3o Paulo (SINPRF-SP). A diretoria do sindicato realizou uma homenagem ao Dia das M\u00e3es que contou com a participa\u00e7\u00e3o de diversas m\u00e3es da fam\u00edlia PRF. As homenageadas foram recepcionadas com um delicioso caf\u00e9 da [&hellip;]<\/p>\n","protected":false},"author":3,"featured_media":14371,"comment_status":"closed","ping_status":"closed","sticky":false,"template":"","format":"standard","meta":{"footnotes":""},"categories":[41],"tags":[],"class_list":["post-14370","post","type-post","status-publish","format-standard","has-post-thumbnail","hentry","category-noticias-em-destaque"],"_links":{"self":[{"href":"https:\/\/sinprfsp.org.br\/index.php\/wp-json\/wp\/v2\/posts\/14370","targetHints":{"allow":["GET"]}}],"collection":[{"href":"https:\/\/sinprfsp.org.br\/index.php\/wp-json\/wp\/v2\/posts"}],"about":[{"href":"https:\/\/sinprfsp.org.br\/index.php\/wp-json\/wp\/v2\/types\/post"}],"author":[{"embeddable":true,"href":"https:\/\/sinprfsp.org.br\/index.php\/wp-json\/wp\/v2\/users\/3"}],"replies":[{"embeddable":true,"href":"https:\/\/sinprfsp.org.br\/index.php\/wp-json\/wp\/v2\/comments?post=14370"}],"version-history":[{"count":1,"href":"https:\/\/sinprfsp.org.br\/index.php\/wp-json\/wp\/v2\/posts\/14370\/revisions"}],"predecessor-version":[{"id":14372,"href":"https:\/\/sinprfsp.org.br\/index.php\/wp-json\/wp\/v2\/posts\/14370\/revisions\/14372"}],"wp:featuredmedia":[{"embeddable":true,"href":"https:\/\/sinprfsp.org.br\/index.php\/wp-json\/wp\/v2\/media\/14371"}],"wp:attachment":[{"href":"https:\/\/sinprfsp.org.br\/index.php\/wp-json\/wp\/v2\/media?parent=14370"}],"wp:term":[{"taxonomy":"category","embeddable":true,"href":"https:\/\/sinprfsp.org.br\/index.php\/wp-json\/wp\/v2\/categories?post=14370"},{"taxonomy":"post_tag","embeddable":true,"href":"https:\/\/sinprfsp.org.br\/index.php\/wp-json\/wp\/v2\/tags?post=14370"}],"curies":[{"name":"wp","href":"https:\/\/api.w.org\/{rel}","templated":true}]}}