{"id":14381,"date":"2017-05-11T12:07:42","date_gmt":"2017-05-11T15:07:42","guid":{"rendered":"https:\/\/mjtom.com.br\/site1\/?p=14381"},"modified":"2022-01-07T13:03:13","modified_gmt":"2022-01-07T16:03:13","slug":"manifestacao-contra-a-pec-287-no-dia-24-05","status":"publish","type":"post","link":"https:\/\/sinprfsp.org.br\/index.php\/2017\/05\/11\/manifestacao-contra-a-pec-287-no-dia-24-05\/","title":{"rendered":"Manifesta\u00e7\u00e3o contra a PEC 287 no dia 24\/05"},"content":{"rendered":"<div class=\"descricao\">\n<p><span style=\"font-family: arial,helvetica,sans-serif; font-size: medium;\">Com a primeira vota\u00e7\u00e3o da PEC da Morte prevista para o dia 24\/05 o SINPRF-SP convoca PRFs e familiares a lotarmos Bras\u00edlia em manifesta\u00e7\u00e3o contra o fim da aposentadoria.<\/span><\/p>\n<p><span style=\"font-family: arial,helvetica,sans-serif; font-size: medium;\">Lotaremos tantos \u00f4nibus quantos forem necess\u00e1rios para mostrar que a categoria policial n\u00e3o ir\u00e1 aceitar o fim do reconhecimento do direito a uma aposentadoria digna.<\/span><\/p>\n<p><span style=\"font-family: arial,helvetica,sans-serif; font-size: medium;\">A sa\u00edda de S\u00e3o Paulo ser\u00e1 no fim do dia 23, para chegarmos em Bras\u00edlia na manh\u00e3 do dia 24 (dia previsto para a vota\u00e7\u00e3o).<\/span><\/p>\n<p><span style=\"font-family: arial,helvetica,sans-serif; font-size: medium;\">\u00c9 importante deixarmos claro que a PRF esta mobilizada!<\/span><\/p>\n<p><span style=\"font-family: arial,helvetica,sans-serif; font-size: medium;\">Vamos come\u00e7ar a organizar as listas em cada Delegacia e divulgar nossa participa\u00e7\u00e3o para incentivar tamb\u00e9m os outros Estado.<\/span><\/p>\n<p style=\"margin-bottom: 0cm; line-height: 100%;\">\u00a0<\/p>\n<\/div>\n","protected":false},"excerpt":{"rendered":"<p>Com a primeira vota\u00e7\u00e3o da PEC da Morte prevista para o dia 24\/05 o SINPRF-SP convoca PRFs e familiares a lotarmos Bras\u00edlia em manifesta\u00e7\u00e3o contra o fim da aposentadoria. Lotaremos tantos \u00f4nibus quantos forem necess\u00e1rios para mostrar que a categoria policial n\u00e3o ir\u00e1 aceitar o fim do reconhecimento do direito a uma aposentadoria digna. A [&hellip;]<\/p>\n","protected":false},"author":3,"featured_media":14382,"comment_status":"closed","ping_status":"closed","sticky":false,"template":"","format":"standard","meta":{"footnotes":""},"categories":[41],"tags":[],"class_list":["post-14381","post","type-post","status-publish","format-standard","has-post-thumbnail","hentry","category-noticias-em-destaque"],"_links":{"self":[{"href":"https:\/\/sinprfsp.org.br\/index.php\/wp-json\/wp\/v2\/posts\/14381","targetHints":{"allow":["GET"]}}],"collection":[{"href":"https:\/\/sinprfsp.org.br\/index.php\/wp-json\/wp\/v2\/posts"}],"about":[{"href":"https:\/\/sinprfsp.org.br\/index.php\/wp-json\/wp\/v2\/types\/post"}],"author":[{"embeddable":true,"href":"https:\/\/sinprfsp.org.br\/index.php\/wp-json\/wp\/v2\/users\/3"}],"replies":[{"embeddable":true,"href":"https:\/\/sinprfsp.org.br\/index.php\/wp-json\/wp\/v2\/comments?post=14381"}],"version-history":[{"count":1,"href":"https:\/\/sinprfsp.org.br\/index.php\/wp-json\/wp\/v2\/posts\/14381\/revisions"}],"predecessor-version":[{"id":14383,"href":"https:\/\/sinprfsp.org.br\/index.php\/wp-json\/wp\/v2\/posts\/14381\/revisions\/14383"}],"wp:featuredmedia":[{"embeddable":true,"href":"https:\/\/sinprfsp.org.br\/index.php\/wp-json\/wp\/v2\/media\/14382"}],"wp:attachment":[{"href":"https:\/\/sinprfsp.org.br\/index.php\/wp-json\/wp\/v2\/media?parent=14381"}],"wp:term":[{"taxonomy":"category","embeddable":true,"href":"https:\/\/sinprfsp.org.br\/index.php\/wp-json\/wp\/v2\/categories?post=14381"},{"taxonomy":"post_tag","embeddable":true,"href":"https:\/\/sinprfsp.org.br\/index.php\/wp-json\/wp\/v2\/tags?post=14381"}],"curies":[{"name":"wp","href":"https:\/\/api.w.org\/{rel}","templated":true}]}}