{"id":14384,"date":"2017-05-11T12:07:45","date_gmt":"2017-05-11T15:07:45","guid":{"rendered":"https:\/\/mjtom.com.br\/site1\/?p=14384"},"modified":"2022-01-07T13:03:13","modified_gmt":"2022-01-07T16:03:13","slug":"celulares-disponibilizados-pela-regional","status":"publish","type":"post","link":"https:\/\/sinprfsp.org.br\/index.php\/2017\/05\/11\/celulares-disponibilizados-pela-regional\/","title":{"rendered":"Celulares disponibilizados pela Regional"},"content":{"rendered":"<div class=\"descricao\">\n<p style=\"text-align: justify;\"><span style=\"font-family: arial,helvetica,sans-serif; font-size: medium;\">O SINPRF-SP protocolou nesta ter\u00e7a-feira (09\/05) o Of\u00edcio 048\/2017 (c\u00f3pia ao final do texto) no Gabinete da Superintend\u00eancia requerendo que o uso do aparelho de celular disponibilizado pela Regional seja facultativo.<\/span><\/p>\n<p style=\"text-align: justify;\"><span style=\"font-family: arial,helvetica,sans-serif; font-size: medium;\"><span style=\"font-family: arial,helvetica,sans-serif; font-size: medium;\">Ao disponibilizar o aparelho, a Regional cumpre a sua responsabilidade de prover os meios m\u00ednimos para o trabalho do PRF em sua atividade fim, no entanto, na pr\u00e1tica, os sistemas m\u00f3veis j\u00e1 vinham sendo utilizados em aparelhos particulares, em equipamentos geralmente superiores tecnicamente ao fornecido pela Administra\u00e7\u00e3o.<\/span><\/span><\/p>\n<p style=\"text-align: justify;\"><span style=\"font-family: arial,helvetica,sans-serif; font-size: medium;\">O NUAT da Regional j\u00e1 havia se posicionado da mesma forma por meio do Memorando 78\/2017, datado de 18\/04, e constante do processo administrativo eletr\u00f4nico n\u00ba 08658.056186\/2017-95 (SEI! 5966838):<\/span><\/p>\n<p style=\"text-align: justify; padding-left: 150px;\">\u00a0<span style=\"font-family: arial,helvetica,sans-serif; font-size: small;\">&#8220;O PRF poder\u00e1 abrir m\u00e3o do recebimento do celular funcional e utilizar celular particular quando em servi\u00e7o?<\/span><\/p>\n<p style=\"text-align: justify; padding-left: 150px;\"><em><span style=\"font-family: arial,helvetica,sans-serif; font-size: small;\">O celular funcional \u00e9 material de consumo e de uso individual, conforme cautela proposta para o mesmo, logo, seu recebimento \u00e9 obrigat\u00f3rio, sendo seu uso facultado ao policial, lembrando que a op\u00e7\u00e3o por n\u00e3o utilizar o aparelho funcional n\u00e3o elide a responsabilidade do policial advindas naturalmente da disponibiliza\u00e7\u00e3o do aparelho e simcard de dados, ou seja, de acessar email, efetuar consultas, ACESSAR E RECEBER MENSAGENS e demais usos permitidos pelo conjunto QUANDO EM SERVI\u00c7O.<\/span><\/em><\/p>\n<p style=\"text-align: justify; padding-left: 150px;\"><span style=\"font-family: arial,helvetica,sans-serif; font-size: small;\">Se sim poder\u00e1 utilizar o chip de dados no celular Particular?<\/span><\/p>\n<p style=\"text-align: justify; padding-left: 150px;\"><em><span style=\"font-family: arial,helvetica,sans-serif; font-size: small;\">A faculdade de uso do simcard e do aparelho celular n\u00e3o abrangem apenas o uso fora de servi\u00e7o, sendo que seu uso em servi\u00e7o poder\u00e1 ser feito no aparelho pessoal, se for a escolha do policial, (&#8230;)\u201d<\/span><\/em><\/p>\n<p style=\"text-align: justify;\"><span style=\"font-family: arial,helvetica,sans-serif; font-size: medium;\">Desta forma, o celular seguir\u00e1 pelo mesmo caminho dos uniformes pagos pelo Departamento: os que preferiram pe\u00e7as de melhor qualidade acabam comprando em confec\u00e7\u00f5es paralelas o uniforme \u201coficial\u201d da PRF.<\/span><\/p>\n<p style=\"text-align: justify;\"><span style=\"font-family: arial,helvetica,sans-serif; font-size: medium;\">O Of\u00edcio tamb\u00e9m requer que n\u00e3o sejam tomadas quaisquer medidas contra os policiais que continuarem fazendo normalmente e seu servi\u00e7o por meio dos sistemas m\u00f3veis da PRF instalados em seus celulares particulares.<\/span><\/p>\n<p style=\"text-align: justify;\"><span style=\"font-family: arial,helvetica,sans-serif; font-size: medium;\">Lembramos sempre que a for\u00e7a da PRF est\u00e1 na motiva\u00e7\u00e3o de cada PRF, e nunca em qualquer forma de imposi\u00e7\u00e3o e controle.<\/span><\/p>\n<\/div>\n","protected":false},"excerpt":{"rendered":"<p>O SINPRF-SP protocolou nesta ter\u00e7a-feira (09\/05) o Of\u00edcio 048\/2017 (c\u00f3pia ao final do texto) no Gabinete da Superintend\u00eancia requerendo que o uso do aparelho de celular disponibilizado pela Regional seja facultativo. Ao disponibilizar o aparelho, a Regional cumpre a sua responsabilidade de prover os meios m\u00ednimos para o trabalho do PRF em sua atividade fim, [&hellip;]<\/p>\n","protected":false},"author":3,"featured_media":14385,"comment_status":"closed","ping_status":"closed","sticky":false,"template":"","format":"standard","meta":{"footnotes":""},"categories":[41],"tags":[],"class_list":["post-14384","post","type-post","status-publish","format-standard","has-post-thumbnail","hentry","category-noticias-em-destaque"],"_links":{"self":[{"href":"https:\/\/sinprfsp.org.br\/index.php\/wp-json\/wp\/v2\/posts\/14384","targetHints":{"allow":["GET"]}}],"collection":[{"href":"https:\/\/sinprfsp.org.br\/index.php\/wp-json\/wp\/v2\/posts"}],"about":[{"href":"https:\/\/sinprfsp.org.br\/index.php\/wp-json\/wp\/v2\/types\/post"}],"author":[{"embeddable":true,"href":"https:\/\/sinprfsp.org.br\/index.php\/wp-json\/wp\/v2\/users\/3"}],"replies":[{"embeddable":true,"href":"https:\/\/sinprfsp.org.br\/index.php\/wp-json\/wp\/v2\/comments?post=14384"}],"version-history":[{"count":1,"href":"https:\/\/sinprfsp.org.br\/index.php\/wp-json\/wp\/v2\/posts\/14384\/revisions"}],"predecessor-version":[{"id":14386,"href":"https:\/\/sinprfsp.org.br\/index.php\/wp-json\/wp\/v2\/posts\/14384\/revisions\/14386"}],"wp:featuredmedia":[{"embeddable":true,"href":"https:\/\/sinprfsp.org.br\/index.php\/wp-json\/wp\/v2\/media\/14385"}],"wp:attachment":[{"href":"https:\/\/sinprfsp.org.br\/index.php\/wp-json\/wp\/v2\/media?parent=14384"}],"wp:term":[{"taxonomy":"category","embeddable":true,"href":"https:\/\/sinprfsp.org.br\/index.php\/wp-json\/wp\/v2\/categories?post=14384"},{"taxonomy":"post_tag","embeddable":true,"href":"https:\/\/sinprfsp.org.br\/index.php\/wp-json\/wp\/v2\/tags?post=14384"}],"curies":[{"name":"wp","href":"https:\/\/api.w.org\/{rel}","templated":true}]}}