{"id":14390,"date":"2017-05-04T12:07:53","date_gmt":"2017-05-04T15:07:53","guid":{"rendered":"https:\/\/mjtom.com.br\/site1\/?p=14390"},"modified":"2022-01-07T13:03:13","modified_gmt":"2022-01-07T16:03:13","slug":"luta-contra-o-fim-da-aposentadoria","status":"publish","type":"post","link":"https:\/\/sinprfsp.org.br\/index.php\/2017\/05\/04\/luta-contra-o-fim-da-aposentadoria\/","title":{"rendered":"Luta contra o Fim da Aposentadoria"},"content":{"rendered":"<div class=\"descricao\">\n<p style=\"text-align: justify;\"><span style=\"font-family: arial,helvetica,sans-serif; font-size: medium;\">A comiss\u00e3o da C\u00e2mara que analisa a proposta de fim da Previd\u00eancia aprovou ontem (3) o texto proposto pelo relator. Agora, a PEC 287\/16 (que aumenta a idade, o tempo de contribui\u00e7\u00e3o, e imp\u00f5em teto \u00e0 remunera\u00e7\u00e3o dos servidores), ser\u00e1 votada em dois turnos pelo plen\u00e1rio da C\u00e2mara.<\/span><\/p>\n<p style=\"text-align: justify;\"><span style=\"font-family: arial,helvetica,sans-serif; font-size: medium;\">A comiss\u00e3o especial \u00e9 composta por 37 deputados e eram necess\u00e1rios 19 votos para aprova\u00e7\u00e3o. Foram 23 votos a favor do texto principal e 14 contr\u00e1rios. Sem a press\u00e3o popular este resultado pode se repetir no plen\u00e1rio. <\/span><\/p>\n<p style=\"text-align: justify;\"><span style=\"font-family: arial,helvetica,sans-serif; font-size: medium;\">Vamos prestar aten\u00e7\u00e3o em como votou cada partido para sabermos quem disse N\u00c3O ao fim da previd\u00eancia p\u00fablica&#8230; e quais s\u00e3o os que ainda n\u00e3o entenderam que a resposta ser\u00e1 dada nas urnas:<\/span><\/p>\n<p style=\"text-align: justify;\">\u00a0<\/p>\n<p style=\"text-align: justify;\"><span style=\"font-family: arial,helvetica,sans-serif; font-size: medium;\"><strong>PDT &#8211; <\/strong>Assis do Couto &#8211; N\u00e3o<\/span><\/p>\n<p style=\"text-align: justify;\"><span style=\"font-family: arial,helvetica,sans-serif; font-size: medium;\"><strong>PSOL &#8211; <\/strong>Ivan Valente &#8211; N\u00e3o<\/span><\/p>\n<p style=\"text-align: justify;\"><span style=\"font-family: arial,helvetica,sans-serif; font-size: medium;\"><strong>REDE<\/strong> &#8211; Alessandro Molon &#8211; N\u00e3o<\/span><\/p>\n<p style=\"text-align: justify;\"><span style=\"font-family: arial,helvetica,sans-serif; font-size: medium;\"><strong>PHS &#8211; <\/strong>Givaldo Carimb\u00e3o (PHS-AL) &#8211; N\u00e3o<\/span><\/p>\n<p style=\"text-align: justify;\"><span style=\"font-family: arial,helvetica,sans-serif; font-size: medium;\"><strong>PTB<\/strong> &#8211; Arnaldo Faria S\u00e1 (PTB-SP) &#8211; N\u00e3o<\/span><\/p>\n<p style=\"text-align: justify;\"><span style=\"font-family: arial,helvetica,sans-serif; font-size: medium;\"><strong>PT<\/strong> &#8211; Arlindo Chinaglia (PT-SP) &#8211; N\u00e3o<\/span><\/p>\n<p style=\"text-align: justify;\"><span style=\"font-family: arial,helvetica,sans-serif; font-size: medium;\"><span style=\"font-family: arial,helvetica,sans-serif; font-size: medium;\"><strong>PT<\/strong> &#8211; <\/span>Assis Carvalho (PT-PI) &#8211; N\u00e3o<\/span><\/p>\n<p style=\"text-align: justify;\"><span style=\"font-family: arial,helvetica,sans-serif; font-size: medium;\"><span style=\"font-family: arial,helvetica,sans-serif; font-size: medium;\"><strong>PT<\/strong> &#8211; <\/span>Jos\u00e9 Mentor (PT-SP) &#8211; N\u00e3o<\/span><\/p>\n<p style=\"text-align: justify;\"><span style=\"font-family: arial,helvetica,sans-serif; font-size: medium;\"><span style=\"font-family: arial,helvetica,sans-serif; font-size: medium;\"><strong>PT<\/strong> &#8211; <\/span>Pepe Vargas (PT-RS) &#8211; N\u00e3o<\/span><\/p>\n<p style=\"text-align: justify;\"><span style=\"font-family: arial,helvetica,sans-serif; font-size: medium;\"><strong>SD &#8211; <\/strong>Paulo Pereira (SD-SP) &#8211; N\u00e3o<\/span><\/p>\n<p style=\"text-align: justify;\"><span style=\"font-family: arial,helvetica,sans-serif; font-size: medium;\"><strong>PCdoB &#8211; <\/strong>Jandira Feghali (PCdoB-RJ) &#8211; N\u00e3o<\/span><\/p>\n<p style=\"text-align: justify;\"><span style=\"font-family: arial,helvetica,sans-serif; font-size: medium;\"><strong>PROS &#8211; <\/strong>Eros Biondini (PROS-MG) &#8211; N\u00e3o<\/span><\/p>\n<p style=\"text-align: justify;\"><span style=\"font-family: arial,helvetica,sans-serif; font-size: medium;\"><strong>PSB &#8211; <\/strong>Bebeto (PSB-BA) &#8211; N\u00e3o<\/span><\/p>\n<p style=\"text-align: justify;\"><span style=\"font-family: arial,helvetica,sans-serif; font-size: medium;\"><span style=\"font-family: arial,helvetica,sans-serif; font-size: medium;\"><strong>PSB &#8211; <\/strong><\/span>Heitor Schuch (PSB-RS) &#8211; N\u00e3o<\/span><\/p>\n<p style=\"text-align: justify;\"><span style=\"font-family: arial,helvetica,sans-serif; font-size: medium;\">\u00a0<\/span><\/p>\n<p style=\"text-align: justify;\"><span style=\"font-family: arial,helvetica,sans-serif; font-size: medium;\">Partidos que precisam ser amea\u00e7ados com a resposta das urnas:<\/span><\/p>\n<p style=\"text-align: justify;\"><span style=\"font-family: arial,helvetica,sans-serif; font-size: medium;\">\u00a0<\/span><\/p>\n<p style=\"text-align: justify;\"><span style=\"font-family: arial,helvetica,sans-serif; font-size: medium;\"><strong>PMDB &#8211; <\/strong>Carlos Marun (PMDB-MS) &#8211; Sim<\/span><\/p>\n<p style=\"text-align: justify;\"><span style=\"font-family: arial,helvetica,sans-serif; font-size: medium;\"><span style=\"font-family: arial,helvetica,sans-serif; font-size: medium;\"><strong>PMDB &#8211; <\/strong><\/span>Darc\u00edsio Perondi (PMDB-RS) &#8211; Sim<\/span><\/p>\n<p style=\"text-align: justify;\"><span style=\"font-family: arial,helvetica,sans-serif; font-size: medium;\"><span style=\"font-family: arial,helvetica,sans-serif; font-size: medium;\"><strong>PMDB &#8211; <\/strong><\/span>Lelo Coimbra (PMDB-ES) &#8211; Sim<\/span><\/p>\n<p style=\"text-align: justify;\"><span style=\"font-family: arial,helvetica,sans-serif; font-size: medium;\"><span style=\"font-family: arial,helvetica,sans-serif; font-size: medium;\"><strong>PMDB &#8211; <\/strong><\/span>Mauro Pereira (PMDB-RS) &#8211; Sim<\/span><\/p>\n<p style=\"text-align: justify;\"><span style=\"font-family: arial,helvetica,sans-serif; font-size: medium;\"><strong>PP &#8211; <\/strong>Adail Carneiro (PP-CE) &#8211; Sim<\/span><\/p>\n<p style=\"text-align: justify;\"><span style=\"font-family: arial,helvetica,sans-serif; font-size: medium;\"><strong>PP &#8211; <\/strong>Julio Lopes (PP-RJ) &#8211; Sim<\/span><\/p>\n<p style=\"text-align: justify;\"><span style=\"font-family: arial,helvetica,sans-serif; font-size: medium;\"><strong>PP &#8211; <\/strong>Maia Filho (PP-PI) &#8211; Sim<\/span><\/p>\n<p style=\"text-align: justify;\"><span style=\"font-family: arial,helvetica,sans-serif; font-size: medium;\"><strong>DEM &#8211; <\/strong>Carlos Melles (DEM-MG) &#8211; Sim<\/span><\/p>\n<p style=\"text-align: justify;\"><span style=\"font-family: arial,helvetica,sans-serif; font-size: medium;\"><span style=\"font-family: arial,helvetica,sans-serif; font-size: medium;\"><strong>DEM &#8211; <\/strong><\/span>Pauderney Avelino (DEM-AM) &#8211; Sim<\/span><\/p>\n<p style=\"text-align: justify;\"><span style=\"font-family: arial,helvetica,sans-serif; font-size: medium;\"><strong>PEN &#8211; <\/strong>Junior Marreca (PEN-MA) &#8211; Sim<\/span><\/p>\n<p style=\"text-align: justify;\"><span style=\"font-family: arial,helvetica,sans-serif; font-size: medium;\"><strong>PRB &#8211; <\/strong>Vinicius Carvalho (PRB-SP) &#8211; Sim<\/span><\/p>\n<p style=\"text-align: justify;\"><span style=\"font-family: arial,helvetica,sans-serif; font-size: medium;\"><strong>PSC &#8211; <\/strong>Prof VictorioGalli (PSC-MT) &#8211; Sim<\/span><\/p>\n<p style=\"text-align: justify;\"><span style=\"font-family: arial,helvetica,sans-serif; font-size: medium;\"><strong>PTN &#8211; <\/strong>Alexandre Baldy (PTN-GO) &#8211; Sim<\/span><\/p>\n<p style=\"text-align: justify;\"><span style=\"font-family: arial,helvetica,sans-serif; font-size: medium;\"><strong>PR &#8211; <\/strong>Aelton Freitas (PR-MG) &#8211; Sim<\/span><\/p>\n<p style=\"text-align: justify;\"><span style=\"font-family: arial,helvetica,sans-serif; font-size: medium;\"><span style=\"font-family: arial,helvetica,sans-serif; font-size: medium;\"><strong>PR &#8211; <\/strong><\/span>Bilac Pinto (PR-MG) &#8211; Sim<\/span><\/p>\n<p style=\"text-align: justify;\"><span style=\"font-family: arial,helvetica,sans-serif; font-size: medium;\"><span style=\"font-family: arial,helvetica,sans-serif; font-size: medium;\"><strong>PR &#8211; <\/strong><\/span>Magda Mofatto (PR-GO) &#8211; Sim<\/span><\/p>\n<p style=\"text-align: justify;\"><span style=\"font-family: arial,helvetica,sans-serif; font-size: medium;\"><strong>PSD &#8211; <\/strong>Reinhold Stephanes (PSD-PR) &#8211; Sim<\/span><\/p>\n<p style=\"text-align: justify;\"><span style=\"font-family: arial,helvetica,sans-serif; font-size: medium;\"><span style=\"font-family: arial,helvetica,sans-serif; font-size: medium;\"><strong>PSD &#8211; <\/strong><\/span>Thiago Peixoto (PSD-GO) &#8211; Sim<\/span><\/p>\n<p style=\"text-align: justify;\"><span style=\"font-family: arial,helvetica,sans-serif; font-size: medium;\"><strong>PSDB &#8211; <\/strong>Giuseppe Vecci (PSDB-GO) &#8211; Sim<\/span><\/p>\n<p style=\"text-align: justify;\"><span style=\"font-family: arial,helvetica,sans-serif; font-size: medium;\"><span style=\"font-family: arial,helvetica,sans-serif; font-size: medium;\"><strong>PSDB &#8211; <\/strong><\/span>Marcus Pestana (PSDB-MG) &#8211; Sim<\/span><\/p>\n<p style=\"text-align: justify;\"><span style=\"font-family: arial,helvetica,sans-serif; font-size: medium;\"><span style=\"font-family: arial,helvetica,sans-serif; font-size: medium;\"><strong>PSDB &#8211; <\/strong><\/span>Ricardo Tripoli (PSDB-SP) &#8211; Sim<\/span><\/p>\n<p style=\"text-align: justify;\"><span style=\"font-family: arial,helvetica,sans-serif; font-size: medium;\"><strong>PPS &#8211; <\/strong>Arthur O. Maia (PPS-BA) &#8211; Sim<\/span><\/p>\n<p style=\"text-align: justify;\"><span style=\"font-family: arial,helvetica,sans-serif; font-size: medium;\"><strong>PV &#8211; <\/strong>Evandro Gussi (PV-SP) &#8211; Sim<\/span><\/p>\n<p style=\"margin-bottom: 0cm; line-height: 100%;\">\u00a0<\/p>\n<p style=\"margin-bottom: 0cm; line-height: 100%;\">\u00a0<\/p>\n<\/div>\n","protected":false},"excerpt":{"rendered":"<p>A comiss\u00e3o da C\u00e2mara que analisa a proposta de fim da Previd\u00eancia aprovou ontem (3) o texto proposto pelo relator. Agora, a PEC 287\/16 (que aumenta a idade, o tempo de contribui\u00e7\u00e3o, e imp\u00f5em teto \u00e0 remunera\u00e7\u00e3o dos servidores), ser\u00e1 votada em dois turnos pelo plen\u00e1rio da C\u00e2mara. A comiss\u00e3o especial \u00e9 composta por 37 [&hellip;]<\/p>\n","protected":false},"author":3,"featured_media":14391,"comment_status":"closed","ping_status":"closed","sticky":false,"template":"","format":"standard","meta":{"footnotes":""},"categories":[41],"tags":[],"class_list":["post-14390","post","type-post","status-publish","format-standard","has-post-thumbnail","hentry","category-noticias-em-destaque"],"_links":{"self":[{"href":"https:\/\/sinprfsp.org.br\/index.php\/wp-json\/wp\/v2\/posts\/14390","targetHints":{"allow":["GET"]}}],"collection":[{"href":"https:\/\/sinprfsp.org.br\/index.php\/wp-json\/wp\/v2\/posts"}],"about":[{"href":"https:\/\/sinprfsp.org.br\/index.php\/wp-json\/wp\/v2\/types\/post"}],"author":[{"embeddable":true,"href":"https:\/\/sinprfsp.org.br\/index.php\/wp-json\/wp\/v2\/users\/3"}],"replies":[{"embeddable":true,"href":"https:\/\/sinprfsp.org.br\/index.php\/wp-json\/wp\/v2\/comments?post=14390"}],"version-history":[{"count":1,"href":"https:\/\/sinprfsp.org.br\/index.php\/wp-json\/wp\/v2\/posts\/14390\/revisions"}],"predecessor-version":[{"id":14392,"href":"https:\/\/sinprfsp.org.br\/index.php\/wp-json\/wp\/v2\/posts\/14390\/revisions\/14392"}],"wp:featuredmedia":[{"embeddable":true,"href":"https:\/\/sinprfsp.org.br\/index.php\/wp-json\/wp\/v2\/media\/14391"}],"wp:attachment":[{"href":"https:\/\/sinprfsp.org.br\/index.php\/wp-json\/wp\/v2\/media?parent=14390"}],"wp:term":[{"taxonomy":"category","embeddable":true,"href":"https:\/\/sinprfsp.org.br\/index.php\/wp-json\/wp\/v2\/categories?post=14390"},{"taxonomy":"post_tag","embeddable":true,"href":"https:\/\/sinprfsp.org.br\/index.php\/wp-json\/wp\/v2\/tags?post=14390"}],"curies":[{"name":"wp","href":"https:\/\/api.w.org\/{rel}","templated":true}]}}