{"id":14396,"date":"2017-05-03T12:08:00","date_gmt":"2017-05-03T15:08:00","guid":{"rendered":"https:\/\/mjtom.com.br\/site1\/?p=14396"},"modified":"2022-01-07T13:03:13","modified_gmt":"2022-01-07T16:03:13","slug":"prf-victor-castro-recebe-premio-de-policial-do-ano-pela-camara-municipal-de-atibaia","status":"publish","type":"post","link":"https:\/\/sinprfsp.org.br\/index.php\/2017\/05\/03\/prf-victor-castro-recebe-premio-de-policial-do-ano-pela-camara-municipal-de-atibaia\/","title":{"rendered":"PRF Victor Castro recebe pr\u00eamio de policial do ano pela C\u00e2mara Municipal de Atibaia"},"content":{"rendered":"<div class=\"descricao\">\n<p>Na \u00faltima quinta-feira (27), o Policial Rodovi\u00e1rio Federal Victor Castro, da 3\u00aa Delegacia PRF em Atibaia, foi condecorado com o pr\u00eamio de policial do ano pela C\u00e2mara Municipal de Atibaia, em reconhecimento ao seu trabalho.<\/p>\n<p>O PRF Victor j\u00e1 foi integrante do NOE da PRF em S\u00e3o Paulo e voltou a integrar a Delegacia da PRF em Atibaia no in\u00edcio de 2016.<\/p>\n<p>Segundo a C\u00e2mara Municipal de Atibaia, esta \u00e9 a segunda edi\u00e7\u00e3o do evento, que homenageia integrantes das for\u00e7as de Seguran\u00e7a P\u00fablica que atuam no munic\u00edpio e se destacam. Foram premiados integrantes da PRF, PM, PMR, PM Ambiental, PC, GCM e Bombeiros.\u00a0<\/p>\n<p>Tamb\u00e9m estiveram presentes no evento PRFs da Delegacia PRF em Atibaia, o Superintendente Regional da PRF em S\u00e3o Paulo, S\u00e9rgio Heleno Azevedo de Amorim, o chefe da Se\u00e7\u00e3o de Policiamento e Fiscaliza\u00e7\u00e3o, Valmir Cordelli e o chefe do N\u00facleo de Policiamento e Fiscaliza\u00e7\u00e3o da Delegacia PRF em Atibaia, Alfredo Martinelli.<\/p>\n<\/div>\n","protected":false},"excerpt":{"rendered":"<p>Na \u00faltima quinta-feira (27), o Policial Rodovi\u00e1rio Federal Victor Castro, da 3\u00aa Delegacia PRF em Atibaia, foi condecorado com o pr\u00eamio de policial do ano pela C\u00e2mara Municipal de Atibaia, em reconhecimento ao seu trabalho. O PRF Victor j\u00e1 foi integrante do NOE da PRF em S\u00e3o Paulo e voltou a integrar a Delegacia da [&hellip;]<\/p>\n","protected":false},"author":3,"featured_media":14397,"comment_status":"closed","ping_status":"closed","sticky":false,"template":"","format":"standard","meta":{"footnotes":""},"categories":[41],"tags":[],"class_list":["post-14396","post","type-post","status-publish","format-standard","has-post-thumbnail","hentry","category-noticias-em-destaque"],"_links":{"self":[{"href":"https:\/\/sinprfsp.org.br\/index.php\/wp-json\/wp\/v2\/posts\/14396","targetHints":{"allow":["GET"]}}],"collection":[{"href":"https:\/\/sinprfsp.org.br\/index.php\/wp-json\/wp\/v2\/posts"}],"about":[{"href":"https:\/\/sinprfsp.org.br\/index.php\/wp-json\/wp\/v2\/types\/post"}],"author":[{"embeddable":true,"href":"https:\/\/sinprfsp.org.br\/index.php\/wp-json\/wp\/v2\/users\/3"}],"replies":[{"embeddable":true,"href":"https:\/\/sinprfsp.org.br\/index.php\/wp-json\/wp\/v2\/comments?post=14396"}],"version-history":[{"count":1,"href":"https:\/\/sinprfsp.org.br\/index.php\/wp-json\/wp\/v2\/posts\/14396\/revisions"}],"predecessor-version":[{"id":14398,"href":"https:\/\/sinprfsp.org.br\/index.php\/wp-json\/wp\/v2\/posts\/14396\/revisions\/14398"}],"wp:featuredmedia":[{"embeddable":true,"href":"https:\/\/sinprfsp.org.br\/index.php\/wp-json\/wp\/v2\/media\/14397"}],"wp:attachment":[{"href":"https:\/\/sinprfsp.org.br\/index.php\/wp-json\/wp\/v2\/media?parent=14396"}],"wp:term":[{"taxonomy":"category","embeddable":true,"href":"https:\/\/sinprfsp.org.br\/index.php\/wp-json\/wp\/v2\/categories?post=14396"},{"taxonomy":"post_tag","embeddable":true,"href":"https:\/\/sinprfsp.org.br\/index.php\/wp-json\/wp\/v2\/tags?post=14396"}],"curies":[{"name":"wp","href":"https:\/\/api.w.org\/{rel}","templated":true}]}}