{"id":14399,"date":"2017-04-27T12:08:04","date_gmt":"2017-04-27T15:08:04","guid":{"rendered":"https:\/\/mjtom.com.br\/site1\/?p=14399"},"modified":"2022-01-07T13:03:13","modified_gmt":"2022-01-07T16:03:13","slug":"noticias-sobre-os-atos-do-dia-28-04","status":"publish","type":"post","link":"https:\/\/sinprfsp.org.br\/index.php\/2017\/04\/27\/noticias-sobre-os-atos-do-dia-28-04\/","title":{"rendered":"Not\u00edcias sobre os Atos do dia 28\/04"},"content":{"rendered":"<div class=\"descricao\">\n<p style=\"text-align: justify;\"><span style=\"font-family: arial,helvetica,sans-serif; font-size: medium;\">Desde dezembro do ano passado, quando o projeto do fim da aposentadoria, a PEC da Morte, foi apresentado pelo governo aos deputados e senadores, o SINPRF-SP fez de sua prioridade o combate \u00e0 malfadada PEC 287:<\/span><\/p>\n<p style=\"text-align: justify;\"><span style=\"font-family: arial,helvetica,sans-serif; font-size: medium;\">\u00a0&#8211; organizamos Atos P\u00fablicos em S\u00e3o Paulo, como o realizado na ALESP e em frente \u00e0 Sede da Regional;<\/span><\/p>\n<p style=\"text-align: justify;\"><span style=\"font-family: arial,helvetica,sans-serif; font-size: medium;\">\u00a0&#8211; participamos dos Atos em Bras\u00edlia (como o do \u00faltimo dia 18 que resultou em uma grande manifesta\u00e7\u00e3o de for\u00e7a da classe policial);<\/span><\/p>\n<p style=\"text-align: justify;\"><span style=\"font-family: arial,helvetica,sans-serif; font-size: medium;\">\u00a0&#8211; colaboramos com a central sindical a qual somos filiados (a CSB), com a divulga\u00e7\u00e3o dos Atos e eventos gerais;<\/span><\/p>\n<p style=\"text-align: justify;\"><span style=\"font-family: arial,helvetica,sans-serif; font-size: medium;\">\u00a0&#8211; e fortalecemos a UPB no Estado e nacionalmente, coordenando e integrando a\u00e7\u00f5es.<\/span><\/p>\n<p style=\"text-align: justify;\"><span style=\"font-family: arial,helvetica,sans-serif; font-size: medium;\"> E neste dia 28 teremos a mais importante a\u00e7\u00e3o desta campanha pela manuten\u00e7\u00e3o dos nossos direitos, a <strong>GREVE GERAL<\/strong> que ir\u00e1 parar o pa\u00eds.<\/span><\/p>\n<p style=\"text-align: justify;\"><span style=\"font-family: arial,helvetica,sans-serif; font-size: medium;\">Os PRFs de que n\u00e3o est\u00e3o de servi\u00e7o amanh\u00e3 devem participar dos Atos em S\u00e3o Paulo ou em sua cidade.<\/span><\/p>\n<p style=\"text-align: justify;\"><span style=\"font-family: arial,helvetica,sans-serif; font-size: medium;\">Segue mensagem com alguns locais de manifesta\u00e7\u00e3o. Nos vemos l\u00e1&#8230; <\/span><\/p>\n<p style=\"text-align: justify;\"><strong><span style=\"font-family: arial,helvetica,sans-serif; font-size: medium;\">\u00a0<\/span><\/strong><\/p>\n<p style=\"text-align: justify;\"><strong><span style=\"font-family: arial,helvetica,sans-serif; font-size: medium;\"><span lang=\"pt-BR\" xml:lang=\"pt-BR\"><span style=\"background: transparent none repeat scroll 0% 0%;\">Capital<\/span><\/span><\/span><\/strong><\/p>\n<p style=\"text-align: justify;\"><span style=\"font-family: arial,helvetica,sans-serif; font-size: medium;\"><span style=\"background: transparent none repeat scroll 0% 0%;\">Em S\u00e3o Paulo, os Policiais que n\u00e3o est\u00e3o de servi\u00e7o tem um local de encontro na Avenida Paulista, a partir das 14hs, na esquina da Alameda Ministro Rocha Azevedo, para a participa\u00e7\u00e3o no grande Ato a partir das 16h. A manifesta\u00e7\u00e3o sair\u00e1 em passeata at\u00e9 a Pra\u00e7a da Rep\u00fablica, no centro da cidade, onde encontrar\u00e1 os professores da rede estadual, que estar\u00e3o em assembleia.<\/span><\/span><\/p>\n<p style=\"text-align: justify;\"><span style=\"font-family: arial,helvetica,sans-serif; font-size: medium;\"><span style=\"background: transparent none repeat scroll 0% 0%;\">Ao mesmo tempo, os professores da rede municipal se concentrar\u00e3o tamb\u00e9m no centro, na Pra\u00e7a do Patriarca, a partir das 16h, e depois seguir\u00e3o em passeata at\u00e9 a Pra\u00e7a da Rep\u00fablica, onde est\u00e1 previsto um ato final \u00e0s 18h.<\/span><\/span><\/p>\n<p style=\"text-align: justify;\"><span style=\"font-family: arial,helvetica,sans-serif; font-size: medium;\"><span style=\"background: transparent none repeat scroll 0% 0%;\">Outro local em que poder\u00e1 haver manifesta\u00e7\u00f5es a partir das 17 horas \u00e9 o Largo da Batata, Zona Oeste da cidade.<\/span><\/span><\/p>\n<p style=\"text-align: justify;\"><strong><span style=\"font-family: arial,helvetica,sans-serif; font-size: medium;\"><span style=\"background: transparent none repeat scroll 0% 0%;\">Guarulhos<\/span><\/span><\/strong><\/p>\n<p style=\"text-align: justify;\"><span style=\"font-family: arial,helvetica,sans-serif; font-size: medium;\"><span style=\"background: transparent none repeat scroll 0% 0%;\">V\u00e1rios dirigentes sindicais realizaram nessa segunda, 24 de abril, reuni\u00e3o com o objetivo de definir as a\u00e7\u00f5es para o dia da paralisa\u00e7\u00e3o. Diversas categorias participaram da reuni\u00e3o: metal\u00fargicos, gr\u00e1ficos, servidores municipais, qu\u00edmicos, professores (APEOESP), frentistas, condutores, t\u00eaxteis, aeroportu\u00e1rios, banc\u00e1rios, papel e papel\u00e3o, vestu\u00e1rio, alimenta\u00e7\u00e3o, comerci\u00e1rios, aerovi\u00e1rios, vigilantes e Sindsa\u00fade, Costureiras-sp, Simpro, Siemaco.<\/span><\/span><\/p>\n<p style=\"text-align: justify;\"><span style=\"font-family: arial,helvetica,sans-serif; font-size: medium;\"><span style=\"background: transparent none repeat scroll 0% 0%;\">Para o coordenador da regional Guarulhos Jos\u00e9 Barros, a paralisa\u00e7\u00e3o ser\u00e1 uma importante resposta aos ataques do governo contra os direitos trabalhistas: \u201cO sindicalismo est\u00e1 unido, aqui e em todo o Brasil, contra as reformas que cortam direitos. Independentemente da categoria profissional, todos somos trabalhadores. A greve geral dia 28 ser\u00e1 nossa resposta \u00e0s agress\u00f5es por parte de um governo ileg\u00edtimo e antinacional\u201d.<\/span><\/span><\/p>\n<p style=\"text-align: justify;\"><strong><span style=\"font-family: arial,helvetica,sans-serif; font-size: medium;\"><span style=\"background: transparent none repeat scroll 0% 0%;\">Vale do Para\u00edba<\/span><\/span><\/strong><\/p>\n<p style=\"text-align: justify;\"><span style=\"font-family: arial,helvetica,sans-serif; font-size: medium;\"><span style=\"background: transparent none repeat scroll 0% 0%;\">Dirigentes sindicais e de movimentos sociais que comp\u00f5em o F\u00f3rum de Lutas do Vale do Para\u00edba reafirmaram em entrevista coletiva, nesta ter\u00e7a-feira (25), que a regi\u00e3o vai parar com a Greve Geral do dia 28. A coletiva aconteceu na sede do Sindicato dos Metal\u00fargicos de S\u00e3o Jos\u00e9 dos Campos e reuniu mais de vinte organiza\u00e7\u00f5es da regi\u00e3o, dentre elas, o sindicato dos metal\u00fargicos de Taubat\u00e9, dos condutores do Vale do Para\u00edba, dos comerci\u00e1rios, banc\u00e1rios, qu\u00edmicos, alimenta\u00e7\u00e3o, Correios, dentre outros.<\/span><\/span><\/p>\n<p style=\"text-align: justify;\"><span style=\"background: transparent none repeat scroll 0% 0%; font-family: arial,helvetica,sans-serif; font-size: medium;\">\u201cEm toda regi\u00e3o existe uma grande mobiliza\u00e7\u00e3o para parar o transporte coletivo e de fretamento. Fazemos um chamado a voc\u00ea para que no dia 28 n\u00e3o saia de casa, n\u00e3o mande seus filhos para a escola, n\u00e3o v\u00e1 ao trabalho. O transporte vai parar e todos precisam parar contra as reformas\u201d, afirmou Jos\u00e9 Carlos de Souza, diretor do Sindicato dos Condutores.<\/span><\/p>\n<p style=\"text-align: justify;\"><span style=\"font-family: arial,helvetica,sans-serif; font-size: medium;\"><span style=\"background: transparent none repeat scroll 0% 0%;\">A representante da Apeoesp (Sindicato dos Professores Estaduais), Cleusa Trindade, afirmou que a educa\u00e7\u00e3o estadual tamb\u00e9m vai parar. \u201cCom as reformas, nossa juventude, que est\u00e1 na escola, n\u00e3o ter\u00e1 mais emprego, ser\u00e1 precarizada pela reforma trabalhista e n\u00e3o ter\u00e1 direito \u00e0 aposentadoria\u201d.<\/span><\/span><\/p>\n<p style=\"text-align: justify;\"><span style=\"font-family: arial,helvetica,sans-serif; font-size: medium;\"><span style=\"background: transparent none repeat scroll 0% 0%;\">Os banc\u00e1rios da regi\u00e3o tamb\u00e9m aprovaram greve em assembleia. \u201cPedimos \u00e0 popula\u00e7\u00e3o que n\u00e3o v\u00e1 \u00e0s ag\u00eancias banc\u00e1rias, fique na sua casa como forma de protesto, desta forma, voc\u00ea tamb\u00e9m vai estar contribuindo com a Greve Geral\u201d, afirmou D\u00e9bora, diretora do Sindicato dos Banc\u00e1rios de S\u00e3o Jos\u00e9 dos Campos e Regi\u00e3o.<\/span><\/span><\/p>\n<p style=\"text-align: justify;\"><span style=\"background: transparent none repeat scroll 0% 0%; font-family: arial,helvetica,sans-serif; font-size: medium;\">\u201cConvocamos a classe trabalhadora do Vale do Para\u00edba: dia 28 n\u00e3o \u00e9 dia de trabalho, \u00e9 dia de greve. \u00c9 dia de protesto para derrotar a reforma da Previd\u00eancia, trabalhista e a terceiriza\u00e7\u00e3o\u201d, afirmou o presidente do Sindicato dos Metal\u00fargicos Ant\u00f4nio Ferreira de Barros, o Macap\u00e1.<\/span><\/p>\n<p style=\"text-align: justify;\"><span style=\"font-family: arial,helvetica,sans-serif; font-size: medium;\"><span style=\"background: transparent none repeat scroll 0% 0%;\">Al\u00e9m de paralisa\u00e7\u00e3o nas f\u00e1bricas, garagens de \u00f4nibus, bancos e com\u00e9rcios, est\u00e3o programadas manifesta\u00e7\u00f5es p\u00fablicas nas cidades da regi\u00e3o. Em S\u00e3o Jos\u00e9 dos Campos, os atos ser\u00e3o na Pra\u00e7a Afonso Pena, \u00e0s 10h e 16h. Em Jacare\u00ed, o protesto ser\u00e1 na Pra\u00e7a Conde Frontin, \u00e0s 10h.<\/span><\/span><\/p>\n<p style=\"text-align: justify;\"><strong><span style=\"font-family: arial,helvetica,sans-serif; font-size: medium;\"><span style=\"background: #ffffff none repeat scroll 0% 0%;\">Vale do Ribeira<\/span><\/span><\/strong><\/p>\n<p style=\"text-align: justify;\"><span style=\"font-family: arial,helvetica,sans-serif; font-size: medium;\"><span style=\"background: #ffffff none repeat scroll 0% 0%;\">V\u00e1rias organiza\u00e7\u00f5es de Registro\/SP e do Vale do Ribeira est\u00e3o organizando Ato Unificado Regional de Greve Geral contra a Reforma da Previd\u00eancia.\u00a0O Ato est\u00e1 marcado para\u00a0as 09 horas do dia 28 de Abril, com concentra\u00e7\u00e3o na Prefeitura Municipal de Registro.<\/span><\/span><\/p>\n<p style=\"text-align: justify;\"><span style=\"font-family: arial,helvetica,sans-serif; font-size: medium;\"><span style=\"background: #ffffff none repeat scroll 0% 0%;\">No dia 28 de Abril, haver\u00e1 a Greve Geral contra as reformas do governo Temer (PMDB), como a Trabalhista, da Previd\u00eancia, o projeto de terceiriza\u00e7\u00e3o, entre outras, que visam colocar as consequ\u00eancias das crises econ\u00f4mica e pol\u00edtica nas costas dos trabalhadores e da juventude: \u201cEm um momento de ataques aos direitos conquistados, as lembran\u00e7as do passado podem fortalecer o presente e \u00e9 ineg\u00e1vel a import\u00e2ncia das lutas na nossa cidade para as movimenta\u00e7\u00f5es pol\u00edticas regionais.\u201d<\/span><\/span><\/p>\n<p style=\"text-align: justify;\"><span style=\"font-family: arial,helvetica,sans-serif; font-size: medium;\"><span style=\"background: transparent none repeat scroll 0% 0%;\">A APEOESP Vale do Ribeira promoveu no \u00faltimo dia 7, reuni\u00e3o dos representantes de Escola, na sede da Associa\u00e7\u00e3o, em Registro. Em pauta, a organiza\u00e7\u00e3o da greve geral, programada para o dia 28 de abril: \u201cN\u00f3s professores e professoras podemos ter novamente um peso importante na greve geral, n\u00e3o apenas em rela\u00e7\u00e3o \u00e0 Educa\u00e7\u00e3o, mas tamb\u00e9m na mobiliza\u00e7\u00e3o de nossos estudantes e, por meio deles, dos pais e das comunidades. Este \u00e9 um dos pontos centrais de nossa atividade dos pr\u00f3ximos dias\u201d, disse a coordenadora da APEOESP.<\/span><\/span><\/p>\n<p style=\"text-align: justify;\"><span style=\"font-family: arial,helvetica,sans-serif; font-size: medium;\"><span style=\"background: #ffffff none repeat scroll 0% 0%;\">O peso de Registro\/SP tamb\u00e9m pode ser considerado inclusive pelo seu contingente populacional para o Vale do Ribeira, com 55 mil habitantes. Portanto, parar Registro\/SP pode significar uma importante sinaliza\u00e7\u00e3o de que os trabalhadores regionais n\u00e3o aceitar\u00e3o retrocessos nos seus direitos.<\/span><\/span><\/p>\n<p style=\"text-align: justify;\"><strong><span style=\"font-family: arial,helvetica,sans-serif; font-size: medium;\"><span style=\"background: transparent none repeat scroll 0% 0%;\">S\u00e3o Jos\u00e9 do Rio Preto<\/span><\/span><\/strong><\/p>\n<p style=\"text-align: justify;\"><span style=\"font-family: arial,helvetica,sans-serif; font-size: medium;\"><span style=\"background: transparent none repeat scroll 0% 0%;\">A agenda de manifesta\u00e7\u00f5es da Greve Geral come\u00e7ar\u00e1 com manifesta\u00e7\u00f5es no Cal\u00e7ad\u00e3o. A concentra\u00e7\u00e3o ser\u00e1 as 8h30m em frente \u00e0 C\u00e2mara Municipal seguida de caminhada pelo centro comercial da cidade. No per\u00edodo da tarde, haver\u00e1 um Ato P\u00fablico com concentra\u00e7\u00e3o a partir das 15h30m em frente \u00e0 ag\u00eancia do INSS na Av. Bady Bassit e caminhada at\u00e9 o terminal de \u00f4nibus urbano. Os sindicatos e associa\u00e7\u00f5es organizadoras contam com a presen\u00e7a de todos, para que n\u00e3o percamos nenhum direito.<\/span><\/span><\/p>\n<p style=\"text-align: justify;\"><strong><span style=\"font-family: arial,helvetica,sans-serif; font-size: medium;\"><span style=\"background: transparent none repeat scroll 0% 0%;\">Mar\u00edlia<\/span><\/span><\/strong><\/p>\n<p style=\"text-align: justify;\"><span style=\"font-family: arial,helvetica,sans-serif; font-size: medium;\"><span style=\"background: transparent none repeat scroll 0% 0%;\">A manifesta\u00e7\u00e3o do dia 28 est\u00e1 prevista para acontecer na \u201cilha\u201d do cruzamento da 9 de Julho com a Tancredo Neves, ao lado da Galeria Atenas, a partir das 8h. Entre as categorias que participam do movimento est\u00e3o os trabalhadores metal\u00fargicos, do setor de alimenta\u00e7\u00e3o, com\u00e9rcio, qu\u00edmicos, motoristas, professores da rede estadual, gr\u00e1ficos, banc\u00e1rios, entre outros.<\/span><\/span><\/p>\n<p style=\"text-align: justify;\"><span style=\"font-family: arial,helvetica,sans-serif; font-size: medium;\"><span style=\"background: transparent none repeat scroll 0% 0%;\">O SINPRF-SP conversou com o presidente do Sindicato dos Metal\u00fargicos de Mar\u00edlia e Regi\u00e3o, Irton Siqueira Torres, reiterado nosso apoio \u00e0 Greve Geral. De acordo com ele, 60 mil panfletos contra as reformas j\u00e1 est\u00e3o sendo distribu\u00eddos na cidade: \u201cConvidamos toda a popula\u00e7\u00e3o, todos os trabalhadores para participarem dessa manifesta\u00e7\u00e3o pac\u00edfica contra o fim da aposentadoria e dos direitos trabalhistas. Se n\u00e3o houver mobiliza\u00e7\u00e3o, isso nos ser\u00e1 tomado\u201d, fala o sindicalista.<\/span><\/span><\/p>\n<p style=\"text-align: justify;\"><span style=\"font-family: arial,helvetica,sans-serif; font-size: medium;\"><span style=\"background: transparent none repeat scroll 0% 0%;\">Outras formar de convocar a popula\u00e7\u00e3o foram a utiliza\u00e7\u00e3o de carros de som que tem percorrido bairros mais afastados e outdoors colocados em v\u00e1rios pontos de Mar\u00edlia com a imagem de um caix\u00e3o e a mensagem: \u201cTrabalhar a vida inteira e morrer sem se aposentar. A Reforma da Previd\u00eancia \u00e9 isso. N\u00e3o \u00e0s reformas da Previd\u00eancia e Trabalhista\u201d.<\/span><\/span><\/p>\n<p style=\"text-align: justify;\"><span style=\"font-family: arial,helvetica,sans-serif; font-size: medium;\">\u00a0<\/span><\/p>\n<p style=\"text-align: justify;\"><span style=\"font-family: arial,helvetica,sans-serif; font-size: medium;\">Nos vemos nas Manifesta\u00e7\u00f5es!!!<\/span><\/p>\n<\/div>\n","protected":false},"excerpt":{"rendered":"<p>Desde dezembro do ano passado, quando o projeto do fim da aposentadoria, a PEC da Morte, foi apresentado pelo governo aos deputados e senadores, o SINPRF-SP fez de sua prioridade o combate \u00e0 malfadada PEC 287: \u00a0&#8211; organizamos Atos P\u00fablicos em S\u00e3o Paulo, como o realizado na ALESP e em frente \u00e0 Sede da Regional; [&hellip;]<\/p>\n","protected":false},"author":3,"featured_media":14400,"comment_status":"closed","ping_status":"closed","sticky":false,"template":"","format":"standard","meta":{"footnotes":""},"categories":[41],"tags":[],"class_list":["post-14399","post","type-post","status-publish","format-standard","has-post-thumbnail","hentry","category-noticias-em-destaque"],"_links":{"self":[{"href":"https:\/\/sinprfsp.org.br\/index.php\/wp-json\/wp\/v2\/posts\/14399","targetHints":{"allow":["GET"]}}],"collection":[{"href":"https:\/\/sinprfsp.org.br\/index.php\/wp-json\/wp\/v2\/posts"}],"about":[{"href":"https:\/\/sinprfsp.org.br\/index.php\/wp-json\/wp\/v2\/types\/post"}],"author":[{"embeddable":true,"href":"https:\/\/sinprfsp.org.br\/index.php\/wp-json\/wp\/v2\/users\/3"}],"replies":[{"embeddable":true,"href":"https:\/\/sinprfsp.org.br\/index.php\/wp-json\/wp\/v2\/comments?post=14399"}],"version-history":[{"count":1,"href":"https:\/\/sinprfsp.org.br\/index.php\/wp-json\/wp\/v2\/posts\/14399\/revisions"}],"predecessor-version":[{"id":14401,"href":"https:\/\/sinprfsp.org.br\/index.php\/wp-json\/wp\/v2\/posts\/14399\/revisions\/14401"}],"wp:featuredmedia":[{"embeddable":true,"href":"https:\/\/sinprfsp.org.br\/index.php\/wp-json\/wp\/v2\/media\/14400"}],"wp:attachment":[{"href":"https:\/\/sinprfsp.org.br\/index.php\/wp-json\/wp\/v2\/media?parent=14399"}],"wp:term":[{"taxonomy":"category","embeddable":true,"href":"https:\/\/sinprfsp.org.br\/index.php\/wp-json\/wp\/v2\/categories?post=14399"},{"taxonomy":"post_tag","embeddable":true,"href":"https:\/\/sinprfsp.org.br\/index.php\/wp-json\/wp\/v2\/tags?post=14399"}],"curies":[{"name":"wp","href":"https:\/\/api.w.org\/{rel}","templated":true}]}}