{"id":14416,"date":"2017-04-13T12:09:29","date_gmt":"2017-04-13T15:09:29","guid":{"rendered":"https:\/\/mjtom.com.br\/site1\/?p=14416"},"modified":"2022-01-07T13:03:13","modified_gmt":"2022-01-07T16:03:13","slug":"sinprf-sp-participa-de-reuniao-preparatoria-para-a-greve-geral-do-dia-28-04","status":"publish","type":"post","link":"https:\/\/sinprfsp.org.br\/index.php\/2017\/04\/13\/sinprf-sp-participa-de-reuniao-preparatoria-para-a-greve-geral-do-dia-28-04\/","title":{"rendered":"SINPRF-SP participa de reuni\u00e3o preparat\u00f3ria para a GREVE GERAL do dia 28\/04"},"content":{"rendered":"<div class=\"descricao\">\n<p style=\"text-align: justify;\"><span style=\"font-family: arial,helvetica,sans-serif; font-size: medium;\">Sindicatos de diversos setores se reuniram nesta quarta-feira (12\/04) para uma das reuni\u00f5es preparat\u00f3rias da Greve Geral do dia 28 de Abril. A reuni\u00e3o aconteceu na Sede da CSB em S\u00e3o Paulo e foram discutidos aspectos estrat\u00e9gicos para garantir o envolvimento de toda a sociedade.<\/span><\/p>\n<p style=\"text-align: justify;\"><span style=\"font-size: medium;\">No final da semana passada o governo havia sinalizado com um abrandamento das regras da reforma previdenci\u00e1ria para os policiais, e ainda se podia alimentar esperan\u00e7as de que o governo poderia dar um tratamento respeitoso \u00e0 carreira, mas a farsa de desfez quando divulgou-se, no in\u00edcio desta semana, que a proposta de tratamento \u201cdiferenciado\u201d apenas reduzia de 65 para 60 a idade m\u00ednima para a aposentadoria \u201cespecial\u201d, mantendo o limitador dos rendimentos ao teto da previd\u00eancia.<\/span><\/p>\n<p style=\"text-align: justify;\"><span style=\"font-size: medium;\">A resposta do SINPRF-SP e das demais categorias policiais ser\u00e1 o acirramento da mobiliza\u00e7\u00e3o e a ades\u00e3o aos grandes Atos nacionais.<\/span><\/p>\n<p style=\"text-align: justify;\"><span style=\"font-size: medium;\">O dia 18 de abril ser\u00e1 o Dia Nacional de \u201cLuta pela Valoriza\u00e7\u00e3o do Profissional de Seguran\u00e7a P\u00fablica\u201d, com caravanas de policiais deslocando-se para Bras\u00edlia para ato contra a Reforma da Previd\u00eancia (PEC 287) em frente ao Congresso Nacional, nos ombreando aos deputados que j\u00e1 se comprometeram com a preserva\u00e7\u00e3o de conquistas hist\u00f3ricas, pressionando os deputados que ainda n\u00e3o perceberam que n\u00e3o \u00e9 uma boa hora para votar contra os trabalhadores, e acuando os que ainda insistem em defender a mentira do \u201crombo\u201d da previd\u00eancia.<\/span><\/p>\n<p style=\"text-align: justify;\"><span style=\"font-size: medium;\">E no dia 28 de abril o Brasil inteiro parar\u00e1 em protesto contra a tentativa do governo de p\u00f4r fim \u00e0 aposentadoria p\u00fablica e demais direitos trabalhistas.<\/span><\/p>\n<p style=\"text-align: justify;\"><span style=\"font-size: medium;\">\u00a0<\/span><\/p>\n<p style=\"text-align: justify;\"><strong><span style=\"font-size: medium;\">Uma luta de todos<\/span><\/strong><\/p>\n<p style=\"text-align: justify;\"><span style=\"font-size: medium;\">Desde o final de dezembro do ano passado, quando a PEC 287 foi oficialmente apresentada ao Congresso, os sindicatos mais ativos da PRF tem mantido presen\u00e7a constante em Bras\u00edlia, ampliando a base de apoio para defender nossa aposentadoria especial nos moldes de hoje. Temos divulgado todas as reuni\u00f5es em participamos, cada avan\u00e7o. E esta luta resultou na vitoriosa coleta de assinaturas de emendas que prop\u00f5em a manuten\u00e7\u00e3o da aposentadoria policial nos moldes da atual Lei Complementar 51\/85&#8230; at\u00e9 que outra Lei Complementar a revogue.<\/span><\/p>\n<p style=\"text-align: justify;\"><span style=\"font-size: medium;\">Assim, caso f\u00f4ssemos vitoriosos (e esta possibilidade fica cada vez mais remota), esta situa\u00e7\u00e3o apresentaria dois grandes problemas:<\/span><\/p>\n<p style=\"text-align: justify;\"><span style=\"font-size: medium;\">a) um, que n\u00e3o vivemos isolados no mundo, temos esposas, maridos, filhos, pais, irm\u00e3os, amigos, uma comunidade na qual vivemos, e muito pouco adianta garantir nossa pr\u00f3pria aposentadoria e ver ao nosso lado todos com os quais nos relacionamos perdendo este direito;<\/span><\/p>\n<p style=\"text-align: justify;\"><span style=\"font-size: medium;\">b) e segundo, que, aprovada a PEC, n\u00e3o ter\u00edamos nenhuma garantia de que no momento seguinte n\u00e3o ser\u00edamos o pr\u00f3ximo alvo, tendo nossos direitos tamb\u00e9m subtra\u00eddos por uma nova Lei Complementar. E neste caso n\u00e3o haveria mais manifesta\u00e7\u00f5es populares, e nossa luta seria isolada e vista como privil\u00e9gio por aqueles jogados na vala comum do grande Regime Geral da Previd\u00eancia Social.<\/span><\/p>\n<p style=\"text-align: justify;\"><span style=\"font-size: medium;\">Mais do que nunca precisamos de uni\u00e3o e aten\u00e7\u00e3o. <br \/><\/span><\/p>\n<\/div>\n","protected":false},"excerpt":{"rendered":"<p>Sindicatos de diversos setores se reuniram nesta quarta-feira (12\/04) para uma das reuni\u00f5es preparat\u00f3rias da Greve Geral do dia 28 de Abril. A reuni\u00e3o aconteceu na Sede da CSB em S\u00e3o Paulo e foram discutidos aspectos estrat\u00e9gicos para garantir o envolvimento de toda a sociedade. No final da semana passada o governo havia sinalizado com [&hellip;]<\/p>\n","protected":false},"author":3,"featured_media":14417,"comment_status":"closed","ping_status":"closed","sticky":false,"template":"","format":"standard","meta":{"footnotes":""},"categories":[41],"tags":[],"class_list":["post-14416","post","type-post","status-publish","format-standard","has-post-thumbnail","hentry","category-noticias-em-destaque"],"_links":{"self":[{"href":"https:\/\/sinprfsp.org.br\/index.php\/wp-json\/wp\/v2\/posts\/14416","targetHints":{"allow":["GET"]}}],"collection":[{"href":"https:\/\/sinprfsp.org.br\/index.php\/wp-json\/wp\/v2\/posts"}],"about":[{"href":"https:\/\/sinprfsp.org.br\/index.php\/wp-json\/wp\/v2\/types\/post"}],"author":[{"embeddable":true,"href":"https:\/\/sinprfsp.org.br\/index.php\/wp-json\/wp\/v2\/users\/3"}],"replies":[{"embeddable":true,"href":"https:\/\/sinprfsp.org.br\/index.php\/wp-json\/wp\/v2\/comments?post=14416"}],"version-history":[{"count":1,"href":"https:\/\/sinprfsp.org.br\/index.php\/wp-json\/wp\/v2\/posts\/14416\/revisions"}],"predecessor-version":[{"id":14418,"href":"https:\/\/sinprfsp.org.br\/index.php\/wp-json\/wp\/v2\/posts\/14416\/revisions\/14418"}],"wp:featuredmedia":[{"embeddable":true,"href":"https:\/\/sinprfsp.org.br\/index.php\/wp-json\/wp\/v2\/media\/14417"}],"wp:attachment":[{"href":"https:\/\/sinprfsp.org.br\/index.php\/wp-json\/wp\/v2\/media?parent=14416"}],"wp:term":[{"taxonomy":"category","embeddable":true,"href":"https:\/\/sinprfsp.org.br\/index.php\/wp-json\/wp\/v2\/categories?post=14416"},{"taxonomy":"post_tag","embeddable":true,"href":"https:\/\/sinprfsp.org.br\/index.php\/wp-json\/wp\/v2\/tags?post=14416"}],"curies":[{"name":"wp","href":"https:\/\/api.w.org\/{rel}","templated":true}]}}