{"id":14419,"date":"2017-04-10T12:09:33","date_gmt":"2017-04-10T15:09:33","guid":{"rendered":"https:\/\/mjtom.com.br\/site1\/?p=14419"},"modified":"2022-01-07T13:03:13","modified_gmt":"2022-01-07T16:03:13","slug":"convocacao-para-assembleia-geral-extraordinaria","status":"publish","type":"post","link":"https:\/\/sinprfsp.org.br\/index.php\/2017\/04\/10\/convocacao-para-assembleia-geral-extraordinaria\/","title":{"rendered":"Convoca\u00e7\u00e3o para Assembleia Geral Extraordin\u00e1ria"},"content":{"rendered":"<div class=\"descricao\">\n<p align=\"center\"><strong><span style=\"text-decoration: underline;\">Edital de Convoca\u00e7\u00e3o<\/span><\/strong><\/p>\n<p>\u00a0<\/p>\n<p style=\"text-align: justify;\">\u00a0 \u00a0 O Presidente do Sindicato dos Policiais Rodovi\u00e1rios Federais no Estado de S\u00e3o Paulo \u2013 SINPRF-SP, inscrito no CNPJ: 68.317.338\/0001-05, F\u00e1bio Lu\u00eds de Almeida, Matricula SIAPE 1068501, no exerc\u00edcio de suas atribui\u00e7\u00f5es estatut\u00e1rias, \u00e0 vista do Despacho exarado pelo Secret\u00e1rio de Rela\u00e7\u00f5es de Trabalho do Minist\u00e9rio do Trabalho, publicado no DOU de 02\/02\/2017, se\u00e7\u00e3o 01 &#8211; p\u00e1gina 103, e retificado no DOU de 08\/02\/2017, se\u00e7\u00e3o 01, p\u00e1gina 45, convoca para a realiza\u00e7\u00e3o de <strong>Assembleia Geral Extraordin\u00e1ria<\/strong> toda a categoria dos <strong>policiais rodovi\u00e1rios federais da base territorial S\u00e3o Paulo<\/strong> no pr\u00f3ximo dia\u00a0<strong>11\/04\/2017<\/strong>\u00a0\u00e0s\u00a0<strong>10h <\/strong>em primeira convoca\u00e7\u00e3o e \u00e0s\u00a0<strong>10h30<\/strong> em segunda convoca\u00e7\u00e3o com qualquer n\u00famero dos presentes, na sede do <strong>SINPRF-SP<\/strong>, sito a <strong>Rua Soldado Brasilio Pinto de Almeida, 455 \u2013 Parque Novo Mundo \u2013 S\u00e3o Paulo \u2013 SP<\/strong>,\u00a0 para deliberar acerca das seguintes ordens do dia:<br \/> \u00a0<\/p>\n<ol type=\"1\" start=\"1\">\n<li>Altera\u00e7\u00e3o do Estatuto do SINPRF-SP, para excluir da sua representa\u00e7\u00e3o a \u201ccategoria\u201d dos inspetores da pol\u00edcia rodovi\u00e1ria federal.<\/li>\n<li>Delibera\u00e7\u00f5es sobre a decis\u00e3o da Assembleia Geral Extraordin\u00e1ria no primeiro item da pauta.<\/li>\n<\/ol>\n<p align=\"center\"><strong>Contamos com a vossa presen\u00e7a.<\/strong><br \/> \u00a0<br \/> \u00a0<br \/> S\u00e3o Paulo, 28 de mar\u00e7o de 2017.<br \/> \u00a0<br \/> \u00a0<br \/> \u00a0<strong>F\u00c1BIO LU\u00cdS DE ALMEIDA<\/strong><br \/><strong>\u00a0 Presidente do SINPRF-SP<\/strong><\/p>\n<\/div>\n","protected":false},"excerpt":{"rendered":"<p>Edital de Convoca\u00e7\u00e3o \u00a0 \u00a0 \u00a0 O Presidente do Sindicato dos Policiais Rodovi\u00e1rios Federais no Estado de S\u00e3o Paulo \u2013 SINPRF-SP, inscrito no CNPJ: 68.317.338\/0001-05, F\u00e1bio Lu\u00eds de Almeida, Matricula SIAPE 1068501, no exerc\u00edcio de suas atribui\u00e7\u00f5es estatut\u00e1rias, \u00e0 vista do Despacho exarado pelo Secret\u00e1rio de Rela\u00e7\u00f5es de Trabalho do Minist\u00e9rio do Trabalho, publicado no [&hellip;]<\/p>\n","protected":false},"author":3,"featured_media":14420,"comment_status":"closed","ping_status":"closed","sticky":false,"template":"","format":"standard","meta":{"footnotes":""},"categories":[41],"tags":[],"class_list":["post-14419","post","type-post","status-publish","format-standard","has-post-thumbnail","hentry","category-noticias-em-destaque"],"_links":{"self":[{"href":"https:\/\/sinprfsp.org.br\/index.php\/wp-json\/wp\/v2\/posts\/14419","targetHints":{"allow":["GET"]}}],"collection":[{"href":"https:\/\/sinprfsp.org.br\/index.php\/wp-json\/wp\/v2\/posts"}],"about":[{"href":"https:\/\/sinprfsp.org.br\/index.php\/wp-json\/wp\/v2\/types\/post"}],"author":[{"embeddable":true,"href":"https:\/\/sinprfsp.org.br\/index.php\/wp-json\/wp\/v2\/users\/3"}],"replies":[{"embeddable":true,"href":"https:\/\/sinprfsp.org.br\/index.php\/wp-json\/wp\/v2\/comments?post=14419"}],"version-history":[{"count":1,"href":"https:\/\/sinprfsp.org.br\/index.php\/wp-json\/wp\/v2\/posts\/14419\/revisions"}],"predecessor-version":[{"id":14421,"href":"https:\/\/sinprfsp.org.br\/index.php\/wp-json\/wp\/v2\/posts\/14419\/revisions\/14421"}],"wp:featuredmedia":[{"embeddable":true,"href":"https:\/\/sinprfsp.org.br\/index.php\/wp-json\/wp\/v2\/media\/14420"}],"wp:attachment":[{"href":"https:\/\/sinprfsp.org.br\/index.php\/wp-json\/wp\/v2\/media?parent=14419"}],"wp:term":[{"taxonomy":"category","embeddable":true,"href":"https:\/\/sinprfsp.org.br\/index.php\/wp-json\/wp\/v2\/categories?post=14419"},{"taxonomy":"post_tag","embeddable":true,"href":"https:\/\/sinprfsp.org.br\/index.php\/wp-json\/wp\/v2\/tags?post=14419"}],"curies":[{"name":"wp","href":"https:\/\/api.w.org\/{rel}","templated":true}]}}