{"id":14425,"date":"2017-04-08T12:09:40","date_gmt":"2017-04-08T15:09:40","guid":{"rendered":"https:\/\/mjtom.com.br\/site1\/?p=14425"},"modified":"2022-01-07T13:03:13","modified_gmt":"2022-01-07T16:03:13","slug":"prf-rocha-sofre-acidente-na-rodovia-fernao-dias","status":"publish","type":"post","link":"https:\/\/sinprfsp.org.br\/index.php\/2017\/04\/08\/prf-rocha-sofre-acidente-na-rodovia-fernao-dias\/","title":{"rendered":"PRF Rocha sofre acidente na rodovia Fern\u00e3o Dias"},"content":{"rendered":"<div class=\"descricao\">\n<p>\u00c9 com um imenso pesar que o SINPRF-SP informa que na madrugada deste s\u00e1bado (08), por volta das 02h, na rodovia Fern\u00e3o Dias, o PRF Edson Gomes da Rocha, da turma de 94, sofreu acidente de tr\u00e2nsito.<\/p>\n<p>Durante o patrulhamento com foco no combate a roubo de cargas, ao chegarem ao KM 65, em Mairipor\u00e3, sentido S\u00e3o Paulo, os PRFs depararam-se com uma colis\u00e3o traseira entre uma carreta e um ve\u00edculo VW\/Saveiro, com uma v\u00edtima fatal. Ao parar para sinalizar o local do acidente, a viatura ocupada pelo PRF Rocha e mais um colega, foi atingida do lado esquerdo por uma carreta bitrem.<\/p>\n<p>Rocha teve ferimentos graves no p\u00e9 esquerdo, quebrou a t\u00edbia e o tornozelo, sendo encaminhado ao hospital de Atibaia.<\/p>\n<p>Segundo relat\u00f3rio m\u00e9dico, o PRF est\u00e1 passando por cirurgia e seu estado de sa\u00fade \u00e9 est\u00e1vel.<\/p>\n<p>Neste momento rogamos aos nossos companheiros que orem e emanem as melhores energias ao nosso colega Rocha, e que o Pai Celestial guie as m\u00e3os dos m\u00e9dicos para que Rocha tenha um pronto reestabelecimento.<\/p>\n<\/div>\n","protected":false},"excerpt":{"rendered":"<p>\u00c9 com um imenso pesar que o SINPRF-SP informa que na madrugada deste s\u00e1bado (08), por volta das 02h, na rodovia Fern\u00e3o Dias, o PRF Edson Gomes da Rocha, da turma de 94, sofreu acidente de tr\u00e2nsito. Durante o patrulhamento com foco no combate a roubo de cargas, ao chegarem ao KM 65, em Mairipor\u00e3, [&hellip;]<\/p>\n","protected":false},"author":3,"featured_media":14426,"comment_status":"closed","ping_status":"closed","sticky":false,"template":"","format":"standard","meta":{"footnotes":""},"categories":[41],"tags":[],"class_list":["post-14425","post","type-post","status-publish","format-standard","has-post-thumbnail","hentry","category-noticias-em-destaque"],"_links":{"self":[{"href":"https:\/\/sinprfsp.org.br\/index.php\/wp-json\/wp\/v2\/posts\/14425","targetHints":{"allow":["GET"]}}],"collection":[{"href":"https:\/\/sinprfsp.org.br\/index.php\/wp-json\/wp\/v2\/posts"}],"about":[{"href":"https:\/\/sinprfsp.org.br\/index.php\/wp-json\/wp\/v2\/types\/post"}],"author":[{"embeddable":true,"href":"https:\/\/sinprfsp.org.br\/index.php\/wp-json\/wp\/v2\/users\/3"}],"replies":[{"embeddable":true,"href":"https:\/\/sinprfsp.org.br\/index.php\/wp-json\/wp\/v2\/comments?post=14425"}],"version-history":[{"count":1,"href":"https:\/\/sinprfsp.org.br\/index.php\/wp-json\/wp\/v2\/posts\/14425\/revisions"}],"predecessor-version":[{"id":14427,"href":"https:\/\/sinprfsp.org.br\/index.php\/wp-json\/wp\/v2\/posts\/14425\/revisions\/14427"}],"wp:featuredmedia":[{"embeddable":true,"href":"https:\/\/sinprfsp.org.br\/index.php\/wp-json\/wp\/v2\/media\/14426"}],"wp:attachment":[{"href":"https:\/\/sinprfsp.org.br\/index.php\/wp-json\/wp\/v2\/media?parent=14425"}],"wp:term":[{"taxonomy":"category","embeddable":true,"href":"https:\/\/sinprfsp.org.br\/index.php\/wp-json\/wp\/v2\/categories?post=14425"},{"taxonomy":"post_tag","embeddable":true,"href":"https:\/\/sinprfsp.org.br\/index.php\/wp-json\/wp\/v2\/tags?post=14425"}],"curies":[{"name":"wp","href":"https:\/\/api.w.org\/{rel}","templated":true}]}}