{"id":14445,"date":"2017-05-16T12:11:10","date_gmt":"2017-05-16T15:11:10","guid":{"rendered":"https:\/\/mjtom.com.br\/site1\/?p=14445"},"modified":"2022-01-07T13:03:13","modified_gmt":"2022-01-07T16:03:13","slug":"manifestacao-contra-a-reforma-da-previdencia","status":"publish","type":"post","link":"https:\/\/sinprfsp.org.br\/index.php\/2017\/05\/16\/manifestacao-contra-a-reforma-da-previdencia\/","title":{"rendered":"Manifesta\u00e7\u00e3o contra a Reforma da Previd\u00eancia"},"content":{"rendered":"<div class=\"descricao\">\n<p style=\"text-align: justify;\"><span style=\"font-family: arial,helvetica,sans-serif; font-size: medium;\">O SINPRF-SP chama todos os PRFs, servidores administrativos e trabalhadores contratados, para um Ato P\u00fablico nesta sexta-feira (dia 31\/03), em frente a Superintend\u00eancia, a partir das 10hs. Esta Manifesta\u00e7\u00e3o faz parte do calend\u00e1rio nacional de lutas contra a \u201creforma\u201d da Previd\u00eancia e todos os ataques aos direitos dos trabalhadores.<\/span><\/p>\n<p style=\"text-align: justify;\"><span style=\"font-family: arial,helvetica,sans-serif; font-size: medium;\">Toda a popula\u00e7\u00e3o est\u00e1 sendo afetada e deve se preparar para sair \u00e0s ruas na defesa dos direitos historicamente conquistados. Em reuni\u00e3o nesta segunda-feira (27), as centrais sindicais definiram um calend\u00e1rio de mobiliza\u00e7\u00e3o unificado contra as \u201creformas\u201d do governo Temer: representantes da CSB, da CUT, For\u00e7a Sindical, UGT, CSP-Conlutas, Nova Central, CGTB, CTB, e Intersindical, concordaram com a necessidade de unir for\u00e7as contra os ataques aos Direitos Trabalhistas.<\/span><\/p>\n<p style=\"text-align: justify;\"><span style=\"font-family: arial,helvetica,sans-serif; font-size: medium;\">As mobiliza\u00e7\u00f5es come\u00e7am neste dia 31 de Mar\u00e7o, como uma a\u00e7\u00e3o preparat\u00f3ria para o Dia 28 de Abril, quando teremos que parar o Brasil para barrar as reformas da Previd\u00eancia, Trabalhista, o PL das terceiriza\u00e7\u00f5es e todos os dur\u00edssimos ataques aos brasileiros.<\/span><\/p>\n<p style=\"text-align: justify;\"><span style=\"font-family: arial,helvetica,sans-serif; font-size: medium;\">Vamos mostrar que a PRF tamb\u00e9m est\u00e1 nesta luta.<\/span><\/p>\n<\/div>\n","protected":false},"excerpt":{"rendered":"<p>O SINPRF-SP chama todos os PRFs, servidores administrativos e trabalhadores contratados, para um Ato P\u00fablico nesta sexta-feira (dia 31\/03), em frente a Superintend\u00eancia, a partir das 10hs. Esta Manifesta\u00e7\u00e3o faz parte do calend\u00e1rio nacional de lutas contra a \u201creforma\u201d da Previd\u00eancia e todos os ataques aos direitos dos trabalhadores. Toda a popula\u00e7\u00e3o est\u00e1 sendo afetada [&hellip;]<\/p>\n","protected":false},"author":3,"featured_media":14446,"comment_status":"closed","ping_status":"closed","sticky":false,"template":"","format":"standard","meta":{"footnotes":""},"categories":[41],"tags":[],"class_list":["post-14445","post","type-post","status-publish","format-standard","has-post-thumbnail","hentry","category-noticias-em-destaque"],"_links":{"self":[{"href":"https:\/\/sinprfsp.org.br\/index.php\/wp-json\/wp\/v2\/posts\/14445","targetHints":{"allow":["GET"]}}],"collection":[{"href":"https:\/\/sinprfsp.org.br\/index.php\/wp-json\/wp\/v2\/posts"}],"about":[{"href":"https:\/\/sinprfsp.org.br\/index.php\/wp-json\/wp\/v2\/types\/post"}],"author":[{"embeddable":true,"href":"https:\/\/sinprfsp.org.br\/index.php\/wp-json\/wp\/v2\/users\/3"}],"replies":[{"embeddable":true,"href":"https:\/\/sinprfsp.org.br\/index.php\/wp-json\/wp\/v2\/comments?post=14445"}],"version-history":[{"count":1,"href":"https:\/\/sinprfsp.org.br\/index.php\/wp-json\/wp\/v2\/posts\/14445\/revisions"}],"predecessor-version":[{"id":14447,"href":"https:\/\/sinprfsp.org.br\/index.php\/wp-json\/wp\/v2\/posts\/14445\/revisions\/14447"}],"wp:featuredmedia":[{"embeddable":true,"href":"https:\/\/sinprfsp.org.br\/index.php\/wp-json\/wp\/v2\/media\/14446"}],"wp:attachment":[{"href":"https:\/\/sinprfsp.org.br\/index.php\/wp-json\/wp\/v2\/media?parent=14445"}],"wp:term":[{"taxonomy":"category","embeddable":true,"href":"https:\/\/sinprfsp.org.br\/index.php\/wp-json\/wp\/v2\/categories?post=14445"},{"taxonomy":"post_tag","embeddable":true,"href":"https:\/\/sinprfsp.org.br\/index.php\/wp-json\/wp\/v2\/tags?post=14445"}],"curies":[{"name":"wp","href":"https:\/\/api.w.org\/{rel}","templated":true}]}}