{"id":14454,"date":"2017-03-24T12:11:21","date_gmt":"2017-03-24T15:11:21","guid":{"rendered":"https:\/\/mjtom.com.br\/site1\/?p=14454"},"modified":"2022-01-07T13:03:13","modified_gmt":"2022-01-07T16:03:13","slug":"presidente-do-sinprf-sp-representa-a-upb-em-brasilia","status":"publish","type":"post","link":"https:\/\/sinprfsp.org.br\/index.php\/2017\/03\/24\/presidente-do-sinprf-sp-representa-a-upb-em-brasilia\/","title":{"rendered":"Presidente do SINPRF-SP representa a UPB em Bras\u00edlia"},"content":{"rendered":"<div class=\"descricao\">\n<p>Em uma semana movimentada de compromissos pol\u00edticos em Bras\u00edlia, o Presidente do SINPRF-SP, F\u00e1bio Luis de Almeida, representando a Uni\u00e3o dos Policiais do Brasil (UPB), reuniu-se com o Deputado Federal Jo\u00e3o Campos (PRB-GO), autor de uma das emendas de interesse da categoria na PEC 287\/2016.<\/p>\n<p>A reuni\u00e3o possibilitou o alinhamento de a\u00e7\u00f5es da UPB.<\/p>\n<\/div>\n","protected":false},"excerpt":{"rendered":"<p>Em uma semana movimentada de compromissos pol\u00edticos em Bras\u00edlia, o Presidente do SINPRF-SP, F\u00e1bio Luis de Almeida, representando a Uni\u00e3o dos Policiais do Brasil (UPB), reuniu-se com o Deputado Federal Jo\u00e3o Campos (PRB-GO), autor de uma das emendas de interesse da categoria na PEC 287\/2016. A reuni\u00e3o possibilitou o alinhamento de a\u00e7\u00f5es da UPB.<\/p>\n","protected":false},"author":3,"featured_media":14455,"comment_status":"closed","ping_status":"closed","sticky":false,"template":"","format":"standard","meta":{"footnotes":""},"categories":[1],"tags":[],"class_list":["post-14454","post","type-post","status-publish","format-standard","has-post-thumbnail","hentry","category-noticias-gerais"],"_links":{"self":[{"href":"https:\/\/sinprfsp.org.br\/index.php\/wp-json\/wp\/v2\/posts\/14454","targetHints":{"allow":["GET"]}}],"collection":[{"href":"https:\/\/sinprfsp.org.br\/index.php\/wp-json\/wp\/v2\/posts"}],"about":[{"href":"https:\/\/sinprfsp.org.br\/index.php\/wp-json\/wp\/v2\/types\/post"}],"author":[{"embeddable":true,"href":"https:\/\/sinprfsp.org.br\/index.php\/wp-json\/wp\/v2\/users\/3"}],"replies":[{"embeddable":true,"href":"https:\/\/sinprfsp.org.br\/index.php\/wp-json\/wp\/v2\/comments?post=14454"}],"version-history":[{"count":1,"href":"https:\/\/sinprfsp.org.br\/index.php\/wp-json\/wp\/v2\/posts\/14454\/revisions"}],"predecessor-version":[{"id":14456,"href":"https:\/\/sinprfsp.org.br\/index.php\/wp-json\/wp\/v2\/posts\/14454\/revisions\/14456"}],"wp:featuredmedia":[{"embeddable":true,"href":"https:\/\/sinprfsp.org.br\/index.php\/wp-json\/wp\/v2\/media\/14455"}],"wp:attachment":[{"href":"https:\/\/sinprfsp.org.br\/index.php\/wp-json\/wp\/v2\/media?parent=14454"}],"wp:term":[{"taxonomy":"category","embeddable":true,"href":"https:\/\/sinprfsp.org.br\/index.php\/wp-json\/wp\/v2\/categories?post=14454"},{"taxonomy":"post_tag","embeddable":true,"href":"https:\/\/sinprfsp.org.br\/index.php\/wp-json\/wp\/v2\/tags?post=14454"}],"curies":[{"name":"wp","href":"https:\/\/api.w.org\/{rel}","templated":true}]}}