{"id":14457,"date":"2017-03-24T12:11:25","date_gmt":"2017-03-24T15:11:25","guid":{"rendered":"https:\/\/mjtom.com.br\/site1\/?p=14457"},"modified":"2022-01-07T13:03:13","modified_gmt":"2022-01-07T16:03:13","slug":"sinprf-sp-se-reune-com-o-diretor-geral-do-dprf","status":"publish","type":"post","link":"https:\/\/sinprfsp.org.br\/index.php\/2017\/03\/24\/sinprf-sp-se-reune-com-o-diretor-geral-do-dprf\/","title":{"rendered":"SINPRF-SP se re\u00fane com o Diretor Geral do DPRF"},"content":{"rendered":"<div class=\"descricao\">\n<p>O SINPRF-SP e demais SINPRFs participaram de reuni\u00e3o com o Diretor Geral do Departamento de Pol\u00edcia Rodovi\u00e1ria Federal (DPRF), Renato Dias, na sede do departamento na \u00faltima quarta-feira (22).<\/p>\n<p>A pauta de discuss\u00e3o contou com a apresenta\u00e7\u00e3o do programa de gest\u00e3o do DPRF para a \u00e1rea de Recursos Humanos.<\/p>\n<p>Na ocasi\u00e3o foi definido que um grupo de trabalho ser\u00e1 formado para normatizar quest\u00f5es como jornada de trabalho, carga hor\u00e1ria e escala de servi\u00e7o.<\/p>\n<\/div>\n","protected":false},"excerpt":{"rendered":"<p>O SINPRF-SP e demais SINPRFs participaram de reuni\u00e3o com o Diretor Geral do Departamento de Pol\u00edcia Rodovi\u00e1ria Federal (DPRF), Renato Dias, na sede do departamento na \u00faltima quarta-feira (22). A pauta de discuss\u00e3o contou com a apresenta\u00e7\u00e3o do programa de gest\u00e3o do DPRF para a \u00e1rea de Recursos Humanos. Na ocasi\u00e3o foi definido que um [&hellip;]<\/p>\n","protected":false},"author":3,"featured_media":14458,"comment_status":"closed","ping_status":"closed","sticky":false,"template":"","format":"standard","meta":{"footnotes":""},"categories":[41],"tags":[],"class_list":["post-14457","post","type-post","status-publish","format-standard","has-post-thumbnail","hentry","category-noticias-em-destaque"],"_links":{"self":[{"href":"https:\/\/sinprfsp.org.br\/index.php\/wp-json\/wp\/v2\/posts\/14457","targetHints":{"allow":["GET"]}}],"collection":[{"href":"https:\/\/sinprfsp.org.br\/index.php\/wp-json\/wp\/v2\/posts"}],"about":[{"href":"https:\/\/sinprfsp.org.br\/index.php\/wp-json\/wp\/v2\/types\/post"}],"author":[{"embeddable":true,"href":"https:\/\/sinprfsp.org.br\/index.php\/wp-json\/wp\/v2\/users\/3"}],"replies":[{"embeddable":true,"href":"https:\/\/sinprfsp.org.br\/index.php\/wp-json\/wp\/v2\/comments?post=14457"}],"version-history":[{"count":1,"href":"https:\/\/sinprfsp.org.br\/index.php\/wp-json\/wp\/v2\/posts\/14457\/revisions"}],"predecessor-version":[{"id":14459,"href":"https:\/\/sinprfsp.org.br\/index.php\/wp-json\/wp\/v2\/posts\/14457\/revisions\/14459"}],"wp:featuredmedia":[{"embeddable":true,"href":"https:\/\/sinprfsp.org.br\/index.php\/wp-json\/wp\/v2\/media\/14458"}],"wp:attachment":[{"href":"https:\/\/sinprfsp.org.br\/index.php\/wp-json\/wp\/v2\/media?parent=14457"}],"wp:term":[{"taxonomy":"category","embeddable":true,"href":"https:\/\/sinprfsp.org.br\/index.php\/wp-json\/wp\/v2\/categories?post=14457"},{"taxonomy":"post_tag","embeddable":true,"href":"https:\/\/sinprfsp.org.br\/index.php\/wp-json\/wp\/v2\/tags?post=14457"}],"curies":[{"name":"wp","href":"https:\/\/api.w.org\/{rel}","templated":true}]}}