{"id":14504,"date":"2017-02-18T12:13:27","date_gmt":"2017-02-18T14:13:27","guid":{"rendered":"https:\/\/mjtom.com.br\/site1\/?p=14504"},"modified":"2022-01-07T13:03:12","modified_gmt":"2022-01-07T16:03:12","slug":"novo-cgrh","status":"publish","type":"post","link":"https:\/\/sinprfsp.org.br\/index.php\/2017\/02\/18\/novo-cgrh\/","title":{"rendered":"Novo CGRH"},"content":{"rendered":"<div class=\"descricao\">\n<p style=\"text-align: justify;\"><span style=\"font-family: arial,helvetica,sans-serif; font-size: medium;\">O SINPRF\/SP teve a oportunidade de acompanhar o in\u00edcio da gest\u00e3o do colega Jesus Caama\u00f1o \u00e0 frente da Coordena\u00e7\u00e3o-Geral de Recursos Humanos. Com a <\/span><span style=\"font-family: arial,helvetica,sans-serif; font-size: medium;\">convoca\u00e7\u00e3o do nosso colega Ot\u00e1vio, vice-presidente do Sindicato, para auxiliar na an\u00e1lise de processo na Divis\u00e3o de Cadastro em Bras\u00edlia entre os dias 6 e 10 deste m\u00eas, j\u00e1 vimos algumas mudan\u00e7as em prioridades de trabalho da nova gest\u00e3o.<\/span><\/p>\n<p style=\"text-align: justify;\"><span style=\"font-family: arial,helvetica,sans-serif; font-size: medium;\">O novo CGRH \u00e9 formado em Direito e ingressou na PRF em 2005. Come\u00e7ou trabalhando no Distrito Federal, e passou pelas Regionais de Alagoas e Rio de Janeiro. Al\u00e9m do trabalho na PRF, Caama\u00f1o trabalhou intensamente na representa\u00e7\u00e3o classista: entre 2009 e 2012 foi Diretor Jur\u00eddico do SINPRF\/AL, de 2012 a 2015 foi Diretor Jur\u00eddico do SINPRF\/RJ, e recentemente atuava como Diretor Jur\u00eddico da Federa\u00e7\u00e3o Nacional dos Policiais Rodovi\u00e1rios Federais &#8211; FENAPRF, de onde est\u00e1 saindo para assumir a Coordena\u00e7\u00e3o-Geral de RH do \u00d3rg\u00e3o.<\/span><\/p>\n<p style=\"text-align: justify;\"><span style=\"font-family: arial,helvetica,sans-serif; font-size: medium;\">A Coordena\u00e7\u00e3o-Geral de Recurso Humanos j\u00e1 foi encabe\u00e7ada por figuras como o \u201cInspetor\u201d S\u00e9rgio Max (da tchurma do Sindimonstro) e o \u201cInspetor\u201d Furtado, com o qual o sistema sindical tinha constantes embates. A CGRH, por ser a \u00e1rea diretamente respons\u00e1vel pelas rela\u00e7\u00f5es de trabalho, j\u00e1 foi usada por administra\u00e7\u00f5es antidemocr\u00e1ticas e autorit\u00e1rias para coagir, reprimir, e tentar manter o efetivo acuado; em contrapartida, em uma gest\u00e3o com vi\u00e9s mais democr\u00e1tico, a \u00e1rea de Recursos Humanos pode vir a se tornar o principal ponto focal da participa\u00e7\u00e3o do efetivo, melhorando o clima organizacional e contribuindo para que Administra\u00e7\u00e3o e Efetivo voltem a ser parceiros.<\/span><\/p>\n<p style=\"text-align: justify;\"><span style=\"font-family: arial,helvetica,sans-serif; font-size: medium;\">\u201cO colega Caama\u00f1o, antes mesmo de sua nomea\u00e7\u00e3o oficial na quinta feira passada (09\/02), j\u00e1 estava trabalhando com as equipes das Divis\u00f5es e Se\u00e7\u00f5es da CGRH; conversando, passando por todas as mesas, ouvindo problemas e buscando solu\u00e7\u00f5es em grupo, mas o que chamou mais aten\u00e7\u00e3o foi a imediata mudan\u00e7a de prioridades: demandas que estavam relegadas ao segundo plano como a expedi\u00e7\u00e3o e troca das identidades funcionais vencidas, por exemplo, ganharam preced\u00eancia.\u201d nos conta o colega Ot\u00e1vio que reafirmou em Bras\u00edlia a disposi\u00e7\u00e3o do SINPRF-SP em dialogar, colaborar, e construir uma PRF mais&#8230; razo\u00e1vel.<\/span><\/p>\n<\/div>\n","protected":false},"excerpt":{"rendered":"<p>O SINPRF\/SP teve a oportunidade de acompanhar o in\u00edcio da gest\u00e3o do colega Jesus Caama\u00f1o \u00e0 frente da Coordena\u00e7\u00e3o-Geral de Recursos Humanos. Com a convoca\u00e7\u00e3o do nosso colega Ot\u00e1vio, vice-presidente do Sindicato, para auxiliar na an\u00e1lise de processo na Divis\u00e3o de Cadastro em Bras\u00edlia entre os dias 6 e 10 deste m\u00eas, j\u00e1 vimos algumas [&hellip;]<\/p>\n","protected":false},"author":3,"featured_media":14505,"comment_status":"closed","ping_status":"closed","sticky":false,"template":"","format":"standard","meta":{"footnotes":""},"categories":[41],"tags":[],"class_list":["post-14504","post","type-post","status-publish","format-standard","has-post-thumbnail","hentry","category-noticias-em-destaque"],"_links":{"self":[{"href":"https:\/\/sinprfsp.org.br\/index.php\/wp-json\/wp\/v2\/posts\/14504","targetHints":{"allow":["GET"]}}],"collection":[{"href":"https:\/\/sinprfsp.org.br\/index.php\/wp-json\/wp\/v2\/posts"}],"about":[{"href":"https:\/\/sinprfsp.org.br\/index.php\/wp-json\/wp\/v2\/types\/post"}],"author":[{"embeddable":true,"href":"https:\/\/sinprfsp.org.br\/index.php\/wp-json\/wp\/v2\/users\/3"}],"replies":[{"embeddable":true,"href":"https:\/\/sinprfsp.org.br\/index.php\/wp-json\/wp\/v2\/comments?post=14504"}],"version-history":[{"count":1,"href":"https:\/\/sinprfsp.org.br\/index.php\/wp-json\/wp\/v2\/posts\/14504\/revisions"}],"predecessor-version":[{"id":14506,"href":"https:\/\/sinprfsp.org.br\/index.php\/wp-json\/wp\/v2\/posts\/14504\/revisions\/14506"}],"wp:featuredmedia":[{"embeddable":true,"href":"https:\/\/sinprfsp.org.br\/index.php\/wp-json\/wp\/v2\/media\/14505"}],"wp:attachment":[{"href":"https:\/\/sinprfsp.org.br\/index.php\/wp-json\/wp\/v2\/media?parent=14504"}],"wp:term":[{"taxonomy":"category","embeddable":true,"href":"https:\/\/sinprfsp.org.br\/index.php\/wp-json\/wp\/v2\/categories?post=14504"},{"taxonomy":"post_tag","embeddable":true,"href":"https:\/\/sinprfsp.org.br\/index.php\/wp-json\/wp\/v2\/tags?post=14504"}],"curies":[{"name":"wp","href":"https:\/\/api.w.org\/{rel}","templated":true}]}}