{"id":14515,"date":"2017-01-27T12:14:45","date_gmt":"2017-01-27T14:14:45","guid":{"rendered":"https:\/\/mjtom.com.br\/site1\/?p=14515"},"modified":"2022-01-07T13:03:12","modified_gmt":"2022-01-07T16:03:12","slug":"atendimento-psicologico","status":"publish","type":"post","link":"https:\/\/sinprfsp.org.br\/index.php\/2017\/01\/27\/atendimento-psicologico\/","title":{"rendered":"Atendimento Psicol\u00f3gico"},"content":{"rendered":"<div class=\"descricao\">\n<p style=\"text-align: justify;\"><span style=\"font-family: arial,helvetica,sans-serif; font-size: medium;\">O SINPRF-SP, por meio de parceira, oferece uma op\u00e7\u00e3o aos colegas que tem necessidade de atendimento psicol\u00f3gico. Com consult\u00f3rio no Bairro do Mandaqui, em S\u00e3o Paulo, a psic\u00f3loga Patr\u00edcia Fernandes (CRP 06\/105661) oferece Psicoterapia Individual (agendamento por telefone) e Plant\u00e3o Psicol\u00f3gico (para casos de urg\u00eancia &#8211; quartas-feiras das 9:00 \u00e0s 13:00). Os valores s\u00e3o reduzidos e os custos das sess\u00f5es s\u00e3o parcialmente subsidiados para os colegas que est\u00e3o no AMFAS:<\/span><\/p>\n<p style=\"text-align: justify;\"><span style=\"font-family: arial,helvetica,sans-serif; font-size: medium;\">Psic\u00f3loga Patr\u00edcia Fernandes \u2013 CRP 06\/105661<\/span><\/p>\n<p style=\"text-align: justify;\"><span style=\"font-family: arial,helvetica,sans-serif; font-size: medium;\">Psicoterapia Individual &#8211; Agendamento: 11-98911-7112 &#8211; Rua Ponta Grossa, 33, Mandaqui, S\u00e3o Paulo\/SP &#8211; <a href=\"mailto:psicologiapf@gmail.com\">psicologiapf@gmail.com<\/a><\/span><\/p>\n<p><span style=\"font-family: arial,helvetica,sans-serif; font-size: medium;\">\u00a0<\/span><\/p>\n<p><span style=\"font-family: arial,helvetica,sans-serif; font-size: medium;\">\u00a0<\/span><\/p>\n<\/div>\n","protected":false},"excerpt":{"rendered":"<p>O SINPRF-SP, por meio de parceira, oferece uma op\u00e7\u00e3o aos colegas que tem necessidade de atendimento psicol\u00f3gico. Com consult\u00f3rio no Bairro do Mandaqui, em S\u00e3o Paulo, a psic\u00f3loga Patr\u00edcia Fernandes (CRP 06\/105661) oferece Psicoterapia Individual (agendamento por telefone) e Plant\u00e3o Psicol\u00f3gico (para casos de urg\u00eancia &#8211; quartas-feiras das 9:00 \u00e0s 13:00). Os valores s\u00e3o reduzidos [&hellip;]<\/p>\n","protected":false},"author":3,"featured_media":14516,"comment_status":"closed","ping_status":"closed","sticky":false,"template":"","format":"standard","meta":{"footnotes":""},"categories":[41],"tags":[],"class_list":["post-14515","post","type-post","status-publish","format-standard","has-post-thumbnail","hentry","category-noticias-em-destaque"],"_links":{"self":[{"href":"https:\/\/sinprfsp.org.br\/index.php\/wp-json\/wp\/v2\/posts\/14515","targetHints":{"allow":["GET"]}}],"collection":[{"href":"https:\/\/sinprfsp.org.br\/index.php\/wp-json\/wp\/v2\/posts"}],"about":[{"href":"https:\/\/sinprfsp.org.br\/index.php\/wp-json\/wp\/v2\/types\/post"}],"author":[{"embeddable":true,"href":"https:\/\/sinprfsp.org.br\/index.php\/wp-json\/wp\/v2\/users\/3"}],"replies":[{"embeddable":true,"href":"https:\/\/sinprfsp.org.br\/index.php\/wp-json\/wp\/v2\/comments?post=14515"}],"version-history":[{"count":1,"href":"https:\/\/sinprfsp.org.br\/index.php\/wp-json\/wp\/v2\/posts\/14515\/revisions"}],"predecessor-version":[{"id":14517,"href":"https:\/\/sinprfsp.org.br\/index.php\/wp-json\/wp\/v2\/posts\/14515\/revisions\/14517"}],"wp:featuredmedia":[{"embeddable":true,"href":"https:\/\/sinprfsp.org.br\/index.php\/wp-json\/wp\/v2\/media\/14516"}],"wp:attachment":[{"href":"https:\/\/sinprfsp.org.br\/index.php\/wp-json\/wp\/v2\/media?parent=14515"}],"wp:term":[{"taxonomy":"category","embeddable":true,"href":"https:\/\/sinprfsp.org.br\/index.php\/wp-json\/wp\/v2\/categories?post=14515"},{"taxonomy":"post_tag","embeddable":true,"href":"https:\/\/sinprfsp.org.br\/index.php\/wp-json\/wp\/v2\/tags?post=14515"}],"curies":[{"name":"wp","href":"https:\/\/api.w.org\/{rel}","templated":true}]}}