{"id":14585,"date":"2016-09-22T12:18:22","date_gmt":"2016-09-22T15:18:22","guid":{"rendered":"https:\/\/mjtom.com.br\/site1\/?p=14585"},"modified":"2022-01-07T13:03:12","modified_gmt":"2022-01-07T16:03:12","slug":"vacinacao-h1n1","status":"publish","type":"post","link":"https:\/\/sinprfsp.org.br\/index.php\/2016\/09\/22\/vacinacao-h1n1\/","title":{"rendered":"Vacina\u00e7\u00e3o H1N1"},"content":{"rendered":"<div class=\"descricao\">\n<p align=\"justify\"><span style=\"font-family: times new roman,times; font-size: medium;\">No final de Junho, nosso Sindicato encaminhou \u00e0 Regional um Of\u00edcio requerendo a disponibiliza\u00e7\u00e3o de vacina\u00e7\u00e3o contra H1N1 para os PRFs. O Of\u00edcio argumentava sobre o risco de cont\u00e1gio a que os servidores est\u00e3o expostos em seu trabalho cotidiano, a alertava tamb\u00e9m para o pr\u00f3prio interesse da Administra\u00e7\u00e3o em manter o efetivo ativo em condi\u00e7\u00f5es de trabalho, combatendo o absente\u00edsmo.<\/span><\/p>\n<p align=\"justify\"><span style=\"font-family: times new roman,times; font-size: medium;\">N\u00f3s cobramos que a Regional solicitasse, de forma emergencial, \u00e0 \u00e1rea de sa\u00fade do \u00d3rg\u00e3o, ao Minist\u00e9rio da Sa\u00fade e \u00e0 Secretaria de Estado da Sa\u00fade, a disponibiliza\u00e7\u00e3o da vacina\u00e7\u00e3o; e que, a m\u00e9dio prazo, inclu\u00edsse a campanha na previs\u00e3o da disponibiliza\u00e7\u00e3o or\u00e7ament\u00e1ria da Regional, instruindo processo licitat\u00f3rio para aquisi\u00e7\u00e3o das vacinas.<\/span><\/p>\n<p align=\"justify\"><span style=\"font-family: times new roman,times; font-size: medium;\">Juntamos ao Of\u00edcio algumas mat\u00e9rias de circula\u00e7\u00e3o na grande imprensa, que apontavam para a urg\u00eancia da medida ao divulgar as diversas mortes no Estado de S\u00e3o Paulo.<\/span><\/p>\n<p align=\"justify\"><span style=\"font-family: times new roman,times; font-size: medium;\">A Regional abriu o processo <strong>SEI n\u00ba 08658.068209\/2016-23<\/strong>, encaminhou Of\u00edcio de resposta ao Sindicato (Of\u00edcio n\u00ba 16\/2016 \u2013 <strong>SEI 2091914<\/strong>), e fez evoluir o processo \u00e0 Divis\u00e3o de Sa\u00fade, onde se encontra desde 13 de Junho.<\/span><\/p>\n<p align=\"justify\"><span style=\"font-family: times new roman,times; font-size: medium;\">No of\u00edcio de resposta, a Regional reconhece a import\u00e2ncia da vacina\u00e7\u00e3o, que segundo informa\u00e7\u00f5es do Minist\u00e9rio da Sa\u00fade em sua p\u00e1gina na Internet, seria a interven\u00e7\u00e3o mais importante na redu\u00e7\u00e3o do impacto da influenza, mas acrescenta que o foco do governo seriam grupos priorit\u00e1rios: Crian\u00e7as de 6 meses a menores de 5 anos; Gestantes; Pu\u00e9rperas; Trabalhador de sa\u00fade; Povos ind\u00edgenas; Indiv\u00edduos com 60 anos ou mais de idade; Popula\u00e7\u00e3o privada de liberdade; Funcion\u00e1rios do sistema prisional; Pessoas portadoras de doen\u00e7as cr\u00f4nicas n\u00e3o transmiss\u00edveis; e Pessoas portadoras de outras condi\u00e7\u00f5es cl\u00ednicas especiais (doen\u00e7a respirat\u00f3ria cr\u00f4nica, doen\u00e7a card\u00edaca cr\u00f4nica, doen\u00e7a renal cr\u00f4nica, doen\u00e7a hep\u00e1tica cr\u00f4nica, doen\u00e7a neurol\u00f3gica cr\u00f4nica, diabetes, imunossupress\u00e3o, obesos, transplantados e portadores de trissomias). Tudo conforme informe t\u00e9cnico disponibilizado pelo Minist\u00e9rio da Sa\u00fade no endere\u00e7o eletr\u00f4nico.<\/span><\/p>\n<p align=\"justify\"><span style=\"font-family: times new roman,times; font-size: medium;\">A Regional informou ainda que \u201cem outros anos houve a solicita\u00e7\u00e3o de 100 doses \u00e0 Secretaria de Estado da Sa\u00fade que disponibilizou aos nossos servidores, tendo sido baix\u00edssima a procura (menos de 20 pessoas imunizadas)\u201d e tamb\u00e9m que: \u201cnovamente este ano essa Superintend\u00eancia Regional, por meio da \u00e1rea de sa\u00fade ligada ao PROSSERV, entrou em contado com a Secretaria da Sa\u00fade que informou que, devido a grande procura n\u00e3o, seria poss\u00edvel disponibilizar aos nossos servidores; que, ap\u00f3s o of\u00edcio da entidade de classe, esta SRH entrou novamente em contato com a Secretaria estadual, reiterando a solicita\u00e7\u00e3o, e que segundo a equipe do Centro de Vigil\u00e2ncia da Coordena\u00e7\u00e3o de Imuniza\u00e7\u00e3o verificar\u00e1 a possibilidade de fornecimento da vacina; e que, diante do costumeiro atendimento pela Secretaria de Estado da Sa\u00fade \u00e0s nossas solicita\u00e7\u00f5es, nunca foi feito projeto regional solicitando or\u00e7amento para a compra da vacina, mas que, j\u00e1 prevendo esta escassez a solicita\u00e7\u00e3o da entidade de classe pode ser encaminhada \u00e0 Divis\u00e3o de Sa\u00fade para a realiza\u00e7\u00e3o de estudo neste sentido.\u201d<\/span><\/p>\n<p align=\"justify\"><span style=\"font-family: times new roman,times; font-size: medium;\">O processo eletr\u00f4nico seguiu para o Departamento solicitando estudo para a aquisi\u00e7\u00e3o da vacina tendo em vista a dificuldade de sua distribui\u00e7\u00e3o e as restri\u00e7\u00f5es referentes ao grupo de risco.<\/span><\/p>\n<p align=\"justify\"><span style=\"font-family: times new roman,times; font-size: medium;\">Passado dois meses do recebimento pela Divis\u00e3o de Sa\u00fade, n\u00e3o obtivemos ainda nenhuma resposta \u00e0 nossa solicita\u00e7\u00e3o. Iremos reiterar a cobran\u00e7a de provid\u00eancias junto \u00e0 Regional e ao Departamento (o requerimento do efetivo n\u00e3o pode ser simplesmente ignorado!), frisando a import\u00e2ncia no cuidado preventivo com a sa\u00fade; segundo o Infectologista Jess\u00e9 Reis Alves:<\/span><\/p>\n<p align=\"justify\"><span style=\"font-family: times new roman,times; font-size: medium;\">\u201cA vacina\u00e7\u00e3o contra influenza (gripe) pode ser considerada um paradigma, uma vez que numerosos estudos demonstram sua vantagem em programas de vacina\u00e7\u00e3o em empresas. Para se ter uma ideia objetiva dessa quest\u00e3o, h\u00e1 estudos que mostram redu\u00e7\u00e3o de 25% a quase 40% dos casos de influenza em grupos de trabalhadores vacinados, gerando redu\u00e7\u00e3o de at\u00e9 43% nos dias de trabalho perdidos e, consequentemente, tamb\u00e9m nos custos com absente\u00edsmo.<\/span><\/p>\n<p align=\"justify\"><span style=\"font-family: times new roman,times; font-size: medium;\">Al\u00e9m da redu\u00e7\u00e3o de riscos, do controle de surtos e da diminui\u00e7\u00e3o dos custos destinados \u00e0 sa\u00fade do trabalhador, a vacina\u00e7\u00e3o traz bem-estar e a sensa\u00e7\u00e3o de confian\u00e7a do funcion\u00e1rio e de seus familiares no ambiente de trabalho. Esses fatores tendem a melhorar a imagem da empresa diante de seus clientes.\u201d<\/span><\/p>\n<p align=\"justify\"><span style=\"font-family: times new roman,times; font-size: medium;\">E ainda a Professora Eliane Ces\u00e1rio Maluf da Universidade Federal do Paran\u00e1 \u2013 UFPR possui importante trabalho na \u00e1rea do estudo da Vacina\u00e7\u00e3o do Adulto\/Trabalhador divulgado pela Associa\u00e7\u00e3o Paranaense de Medicina do Trabalho. Segundo o estudo, n\u00e3o s\u00f3 a vacina\u00e7\u00e3o contra a Influenza, mas, no caso espec\u00edfico de policiais, seriam ainda indicadas as vacinas Tr\u00edplice Viral, Tr\u00edplice Bacteriana, T\u00e9tano, Difteria, Hepatite A e B, Varicela, e Meningoc\u00f3cica C.<\/span><\/p>\n<p align=\"justify\"><span style=\"font-family: times new roman,times; font-size: medium;\">A equipe do SINPRF-SP tem feito o poss\u00edvel para encaminhar todas as demandas que nos chegam, e cobrar solu\u00e7\u00f5es das pessoas respons\u00e1veis pelo seu atendimento; muitas vezes, no entanto, nos deparamos com a falta de condi\u00e7\u00f5es para a solu\u00e7\u00e3o de um problema, e com escassos meios de press\u00e3o, mas vamos continuar cobrando, e divulgando aqui, qualquer andamento.<\/span><\/p>\n<p align=\"justify\"><span style=\"font-family: times new roman,times; font-size: medium;\">Abra\u00e7o a todos e Sauda\u00e7\u00f5es Sindicais,<\/span><\/p>\n<p align=\"justify\"><span style=\"font-family: times new roman,times; font-size: medium;\">Diretoria SINPRF-SP.<\/span><\/p>\n<p align=\"justify\">\u00a0<\/p>\n<\/div>\n","protected":false},"excerpt":{"rendered":"<p>No final de Junho, nosso Sindicato encaminhou \u00e0 Regional um Of\u00edcio requerendo a disponibiliza\u00e7\u00e3o de vacina\u00e7\u00e3o contra H1N1 para os PRFs. O Of\u00edcio argumentava sobre o risco de cont\u00e1gio a que os servidores est\u00e3o expostos em seu trabalho cotidiano, a alertava tamb\u00e9m para o pr\u00f3prio interesse da Administra\u00e7\u00e3o em manter o efetivo ativo em condi\u00e7\u00f5es [&hellip;]<\/p>\n","protected":false},"author":3,"featured_media":14586,"comment_status":"closed","ping_status":"closed","sticky":false,"template":"","format":"standard","meta":{"footnotes":""},"categories":[41],"tags":[],"class_list":["post-14585","post","type-post","status-publish","format-standard","has-post-thumbnail","hentry","category-noticias-em-destaque"],"_links":{"self":[{"href":"https:\/\/sinprfsp.org.br\/index.php\/wp-json\/wp\/v2\/posts\/14585","targetHints":{"allow":["GET"]}}],"collection":[{"href":"https:\/\/sinprfsp.org.br\/index.php\/wp-json\/wp\/v2\/posts"}],"about":[{"href":"https:\/\/sinprfsp.org.br\/index.php\/wp-json\/wp\/v2\/types\/post"}],"author":[{"embeddable":true,"href":"https:\/\/sinprfsp.org.br\/index.php\/wp-json\/wp\/v2\/users\/3"}],"replies":[{"embeddable":true,"href":"https:\/\/sinprfsp.org.br\/index.php\/wp-json\/wp\/v2\/comments?post=14585"}],"version-history":[{"count":1,"href":"https:\/\/sinprfsp.org.br\/index.php\/wp-json\/wp\/v2\/posts\/14585\/revisions"}],"predecessor-version":[{"id":14587,"href":"https:\/\/sinprfsp.org.br\/index.php\/wp-json\/wp\/v2\/posts\/14585\/revisions\/14587"}],"wp:featuredmedia":[{"embeddable":true,"href":"https:\/\/sinprfsp.org.br\/index.php\/wp-json\/wp\/v2\/media\/14586"}],"wp:attachment":[{"href":"https:\/\/sinprfsp.org.br\/index.php\/wp-json\/wp\/v2\/media?parent=14585"}],"wp:term":[{"taxonomy":"category","embeddable":true,"href":"https:\/\/sinprfsp.org.br\/index.php\/wp-json\/wp\/v2\/categories?post=14585"},{"taxonomy":"post_tag","embeddable":true,"href":"https:\/\/sinprfsp.org.br\/index.php\/wp-json\/wp\/v2\/tags?post=14585"}],"curies":[{"name":"wp","href":"https:\/\/api.w.org\/{rel}","templated":true}]}}