{"id":14594,"date":"2016-09-13T12:18:33","date_gmt":"2016-09-13T15:18:33","guid":{"rendered":"https:\/\/mjtom.com.br\/site1\/?p=14594"},"modified":"2022-01-07T13:03:12","modified_gmt":"2022-01-07T16:03:12","slug":"limpeza-e-manutencao-de-armas-em-atibaia","status":"publish","type":"post","link":"https:\/\/sinprfsp.org.br\/index.php\/2016\/09\/13\/limpeza-e-manutencao-de-armas-em-atibaia\/","title":{"rendered":"Limpeza e manuten\u00e7\u00e3o de armas em Atibaia"},"content":{"rendered":"<div class=\"descricao\">\n<p><span style=\"font-family: Arial,sans-serif; font-size: medium;\"><span style=\"color: #000000;\">Por meio de parceria com o<\/span><span style=\"color: #000000;\"> SINPRF-SP, <\/span><span style=\"color: #000000;\">a E<\/span><span style=\"color: #000000;\">mpresa Risco de Fogo <\/span><span style=\"color: #000000;\">estar\u00e1 na Delegacia de Atibaia nos dias 21 e 23 deste m\u00eas, <\/span><span style=\"color: #000000;\">das 8:00 \u00e0s 17:00, <\/span><span style=\"color: #000000;\">realizando\u00a0<\/span><span style=\"color: #000000;\">limpeza e <\/span><span style=\"color: #000000;\">manuten\u00e7\u00e3o de material b\u00e9lico (revolveres, pistolas <\/span><span style=\"color: #000000;\">e armas longas<\/span><span style=\"color: #000000;\">) <\/span><span style=\"color: #000000;\">com valores reduzidos para sindicalizados (desconto de 30%).<\/span><\/span><\/p>\n<p><span style=\"font-family: Arial,sans-serif; font-size: medium;\"><span style=\"color: #000000;\">O <\/span><span style=\"color: #000000;\">armeiro Marcelo Ac\u00e1cio, credenciado na Pol\u00edcia Federal, <\/span><span style=\"color: #000000;\">segue <\/span><span style=\"color: #000000;\">padroniza\u00e7\u00e3o n<\/span><span style=\"color: #000000;\">o desmonte <\/span><span style=\"color: #000000;\">e limpeza <\/span><span style=\"color: #000000;\">de 3\u00ba escal\u00e3o <\/span><span style=\"color: #000000;\">(desmonte minucioso de cerca de 80% da Arma) <\/span><span style=\"color: #000000;\">com a<\/span><span style=\"color: #000000;\"> utilizando ferramentas adequadas, <\/span><span style=\"color: #000000;\">bem como manuten\u00e7\u00e3o nos equipamentos.<\/span><\/span><\/p>\n<p><span style=\"color: #000000; font-size: medium;\"><span style=\"font-family: Arial,sans-serif;\">E-mail: <a href=\"mailto:riscodefogo.manutencao@bol.com.br\">riscodefogo.manutencao@bol.com.br<\/a><\/span><\/span><\/p>\n<p><span style=\"color: #000000; font-size: medium;\"><span style=\"font-family: Arial,sans-serif;\">Tel: 11-4419-1840 \/ 4419-1317 \u2013<\/span><\/span><\/p>\n<p><span style=\"color: #000000; font-size: medium;\"><span style=\"font-family: Arial,sans-serif;\">Cel :011947859669 &#8211; Nextel \u00a035*4*107136<\/span><\/span><\/p>\n<p><span style=\"font-size: medium;\"><a href=\"http:\/\/riscodefogomanuten4.wix.com\/risco-de-fogo\"><span style=\"color: #000000;\"><span style=\"font-family: Arial,sans-serif;\">HTTP:\/\/riscodefogomanuten4.wix.com\/risco-de-fogo<\/span><\/span><\/a><\/span><\/p>\n<p style=\"margin-bottom: 0cm; line-height: 100%;\" align=\"justify\">\u00a0<\/p>\n<\/div>\n","protected":false},"excerpt":{"rendered":"<p>Por meio de parceria com o SINPRF-SP, a Empresa Risco de Fogo estar\u00e1 na Delegacia de Atibaia nos dias 21 e 23 deste m\u00eas, das 8:00 \u00e0s 17:00, realizando\u00a0limpeza e manuten\u00e7\u00e3o de material b\u00e9lico (revolveres, pistolas e armas longas) com valores reduzidos para sindicalizados (desconto de 30%). O armeiro Marcelo Ac\u00e1cio, credenciado na Pol\u00edcia Federal, [&hellip;]<\/p>\n","protected":false},"author":3,"featured_media":14595,"comment_status":"closed","ping_status":"closed","sticky":false,"template":"","format":"standard","meta":{"footnotes":""},"categories":[41],"tags":[],"class_list":["post-14594","post","type-post","status-publish","format-standard","has-post-thumbnail","hentry","category-noticias-em-destaque"],"_links":{"self":[{"href":"https:\/\/sinprfsp.org.br\/index.php\/wp-json\/wp\/v2\/posts\/14594","targetHints":{"allow":["GET"]}}],"collection":[{"href":"https:\/\/sinprfsp.org.br\/index.php\/wp-json\/wp\/v2\/posts"}],"about":[{"href":"https:\/\/sinprfsp.org.br\/index.php\/wp-json\/wp\/v2\/types\/post"}],"author":[{"embeddable":true,"href":"https:\/\/sinprfsp.org.br\/index.php\/wp-json\/wp\/v2\/users\/3"}],"replies":[{"embeddable":true,"href":"https:\/\/sinprfsp.org.br\/index.php\/wp-json\/wp\/v2\/comments?post=14594"}],"version-history":[{"count":1,"href":"https:\/\/sinprfsp.org.br\/index.php\/wp-json\/wp\/v2\/posts\/14594\/revisions"}],"predecessor-version":[{"id":14596,"href":"https:\/\/sinprfsp.org.br\/index.php\/wp-json\/wp\/v2\/posts\/14594\/revisions\/14596"}],"wp:featuredmedia":[{"embeddable":true,"href":"https:\/\/sinprfsp.org.br\/index.php\/wp-json\/wp\/v2\/media\/14595"}],"wp:attachment":[{"href":"https:\/\/sinprfsp.org.br\/index.php\/wp-json\/wp\/v2\/media?parent=14594"}],"wp:term":[{"taxonomy":"category","embeddable":true,"href":"https:\/\/sinprfsp.org.br\/index.php\/wp-json\/wp\/v2\/categories?post=14594"},{"taxonomy":"post_tag","embeddable":true,"href":"https:\/\/sinprfsp.org.br\/index.php\/wp-json\/wp\/v2\/tags?post=14594"}],"curies":[{"name":"wp","href":"https:\/\/api.w.org\/{rel}","templated":true}]}}