{"id":14637,"date":"2016-06-21T12:21:41","date_gmt":"2016-06-21T15:21:41","guid":{"rendered":"https:\/\/mjtom.com.br\/site1\/?p=14637"},"modified":"2022-01-07T13:03:10","modified_gmt":"2022-01-07T16:03:10","slug":"aumento-da-geap","status":"publish","type":"post","link":"https:\/\/sinprfsp.org.br\/index.php\/2016\/06\/21\/aumento-da-geap\/","title":{"rendered":"Aumento da GEAP"},"content":{"rendered":"<div class=\"descricao\">\n<p style=\"text-align: justify;\"><span style=\"font-family: arial,helvetica,sans-serif; font-size: medium;\">A Uni\u00e3o conseguiu liminar que suspende redu\u00e7\u00e3o administrativa do reajuste de 37,55% para 20%. A not\u00edcia foi divulgada no dia 17 no site JConline do portal UOL. <a href=\"http:\/\/jconline.ne10.uol.com.br\/canal\/economia\/nacional\/noticia\/2016\/06\/17\/servidores-federais-temem-reajuste-no-geap-240511.php\">http:\/\/jconline.ne10.uol.com.br\/canal\/economia\/nacional\/noticia\/2016\/06\/17\/servidores-federais-temem-reajuste-no-geap-240511.php<\/a><\/span><\/p>\n<p style=\"text-align: justify;\"><span style=\"font-family: arial,helvetica,sans-serif; font-size: medium;\">As disputas judiciais envolvendo o reajuste da Geap tem gerando inseguran\u00e7a para os benefici\u00e1rios. Segundo a ag\u00eancia de not\u00edcias, na \u00faltima ter\u00e7a-feira (14), a ju\u00edza federal da 3\u00aa Vara Federal em Bras\u00edlia, teria deferido tutela antecipada \u00e0 Uni\u00e3o (que defende o aumento), suspendendo a redu\u00e7\u00e3o do reajuste para 20%, e permitindo a volta do \u00edndice de 37,55%.<\/span><\/p>\n<p style=\"text-align: justify;\"><span style=\"font-family: arial,helvetica,sans-serif; font-size: medium;\">O SINPRF-SP tem a\u00e7\u00e3o judicial contra o aumento abusivo (Proc. n\u00ba 1030381-09.2016.8.26.0100 da 26\u00aa Vara C\u00edvel do Foro Central C\u00edvel de SP) que ainda n\u00e3o foi julgada. Em S\u00e3o Paulo, mais de 200 colegas, entre ativos, aposentados e pensionistas, ainda tem GEAP, e esperam por uma decis\u00e3o favor\u00e1vel.<\/span><\/p>\n<p style=\"text-align: justify;\"><span style=\"font-family: arial,helvetica,sans-serif; font-size: medium;\">A tentativa das entidades de classe que est\u00e3o buscando na Justi\u00e7a a redu\u00e7\u00e3o do aumento \u00e9 exatamente a sustentabilidade do plano, posto que, mantido o aumento nos patamares propostos pela GEAP, teme-se uma sa\u00edda em massa daqueles que n\u00e3o conseguir\u00e3o mais arcar com sua manuten\u00e7\u00e3o.<\/span><\/p>\n<p style=\"text-align: justify;\"><span style=\"font-family: arial,helvetica,sans-serif; font-size: medium;\">Estima-se que entre dezembro de 2015 e maio de 2016 a GEAP tenha sofrido o desv\u00ednculo de 23 mil benefici\u00e1rios. Segundo o ex-presidente do Conselho de Administra\u00e7\u00e3o, destitu\u00eddo pela decis\u00e3o judicial, mais de 60% dos benefici\u00e1rios do plano t\u00eam mais de 49 anos; acimas dos 80 anos, s\u00e3o 70 mil; e ainda h\u00e1 700 benefici\u00e1rios com mais de cem anos!<\/span><\/p>\n<p style=\"text-align: justify;\"><span style=\"font-family: arial,helvetica,sans-serif; font-size: medium;\">Estamos acompanhando.<\/span><\/p>\n<\/div>\n","protected":false},"excerpt":{"rendered":"<p>A Uni\u00e3o conseguiu liminar que suspende redu\u00e7\u00e3o administrativa do reajuste de 37,55% para 20%. A not\u00edcia foi divulgada no dia 17 no site JConline do portal UOL. http:\/\/jconline.ne10.uol.com.br\/canal\/economia\/nacional\/noticia\/2016\/06\/17\/servidores-federais-temem-reajuste-no-geap-240511.php As disputas judiciais envolvendo o reajuste da Geap tem gerando inseguran\u00e7a para os benefici\u00e1rios. Segundo a ag\u00eancia de not\u00edcias, na \u00faltima ter\u00e7a-feira (14), a ju\u00edza federal da [&hellip;]<\/p>\n","protected":false},"author":3,"featured_media":14638,"comment_status":"closed","ping_status":"closed","sticky":false,"template":"","format":"standard","meta":{"footnotes":""},"categories":[41],"tags":[],"class_list":["post-14637","post","type-post","status-publish","format-standard","has-post-thumbnail","hentry","category-noticias-em-destaque"],"_links":{"self":[{"href":"https:\/\/sinprfsp.org.br\/index.php\/wp-json\/wp\/v2\/posts\/14637","targetHints":{"allow":["GET"]}}],"collection":[{"href":"https:\/\/sinprfsp.org.br\/index.php\/wp-json\/wp\/v2\/posts"}],"about":[{"href":"https:\/\/sinprfsp.org.br\/index.php\/wp-json\/wp\/v2\/types\/post"}],"author":[{"embeddable":true,"href":"https:\/\/sinprfsp.org.br\/index.php\/wp-json\/wp\/v2\/users\/3"}],"replies":[{"embeddable":true,"href":"https:\/\/sinprfsp.org.br\/index.php\/wp-json\/wp\/v2\/comments?post=14637"}],"version-history":[{"count":1,"href":"https:\/\/sinprfsp.org.br\/index.php\/wp-json\/wp\/v2\/posts\/14637\/revisions"}],"predecessor-version":[{"id":14639,"href":"https:\/\/sinprfsp.org.br\/index.php\/wp-json\/wp\/v2\/posts\/14637\/revisions\/14639"}],"wp:featuredmedia":[{"embeddable":true,"href":"https:\/\/sinprfsp.org.br\/index.php\/wp-json\/wp\/v2\/media\/14638"}],"wp:attachment":[{"href":"https:\/\/sinprfsp.org.br\/index.php\/wp-json\/wp\/v2\/media?parent=14637"}],"wp:term":[{"taxonomy":"category","embeddable":true,"href":"https:\/\/sinprfsp.org.br\/index.php\/wp-json\/wp\/v2\/categories?post=14637"},{"taxonomy":"post_tag","embeddable":true,"href":"https:\/\/sinprfsp.org.br\/index.php\/wp-json\/wp\/v2\/tags?post=14637"}],"curies":[{"name":"wp","href":"https:\/\/api.w.org\/{rel}","templated":true}]}}