{"id":14664,"date":"2016-06-01T12:22:14","date_gmt":"2016-06-01T15:22:14","guid":{"rendered":"https:\/\/mjtom.com.br\/site1\/?p=14664"},"modified":"2022-01-07T13:03:10","modified_gmt":"2022-01-07T16:03:10","slug":"acao-do-pss-sobre-1-3-de-ferias-em-fase-de-execucao","status":"publish","type":"post","link":"https:\/\/sinprfsp.org.br\/index.php\/2016\/06\/01\/acao-do-pss-sobre-1-3-de-ferias-em-fase-de-execucao\/","title":{"rendered":"A\u00e7\u00e3o do PSS sobre 1\/3 de f\u00e9rias em fase de Execu\u00e7\u00e3o"},"content":{"rendered":"<div class=\"descricao\">\n<p style=\"text-align: justify;\"><span style=\"font-size: medium; font-family: arial,helvetica,sans-serif;\">O RH finalizou ontem \u00e0 noite (31\/05) o envio ao Sindicato de SP de todas as fichas financeiras referentes ao desconto indevido de PSS sobre 1\/3 de f\u00e9rias nos per\u00edodos de 2002 at\u00e9 2012. A solicita\u00e7\u00e3o ao \u00d3rg\u00e3o foi feita ap\u00f3s o tr\u00e2nsito em julgado da vit\u00f3ria no Processo n\u00ba 2007.34.00.031643-4, que decretou a cobran\u00e7a como indevida.<\/span><\/p>\n<p style=\"text-align: justify;\"><span style=\"font-size: medium; font-family: arial,helvetica,sans-serif;\">O advogado patrono da a\u00e7\u00e3o \u00e9 o Dr. Roger Menegalli, com grande experi\u00eancia em execu\u00e7\u00f5es contra a Uni\u00e3o. Sua estrat\u00e9gia ser\u00e1 a de tentar uma execu\u00e7\u00e3o coletiva (para que n\u00e3o corramos o risco de deixar nenhum colega de fora), e apenas se esta n\u00e3o for aceita, a execu\u00e7\u00e3o individualizada. Outra novidade \u00e9 a tentativa da utiliza\u00e7\u00e3o da RPV \u2013 Requisi\u00e7\u00e3o de Pequeno Valor, que acelera em muito o rito da execu\u00e7\u00e3o (se aceita, o pagamento pode sair em 60 dias ap\u00f3s inscri\u00e7\u00e3o), em detrimento ao precat\u00f3rio onde a verba inscrita em um ano \u00e9 paga s\u00f3 no ano seguinte.<\/span><\/p>\n<p style=\"text-align: justify;\"><span style=\"font-size: medium; font-family: arial,helvetica,sans-serif;\">O trabalho de levantamento n\u00e3o foi pequeno pois al\u00e9m dos sindicalizados que estiveram na ativa durante todo o per\u00edodo, a extra\u00e7\u00e3o das informa\u00e7\u00f5es financeiras abarcou tamb\u00e9m os colegas que se aposentaram ou faleceram, mas que chegaram a tirar f\u00e9rias e sofrer o desconto em parte do per\u00edodo. Este servi\u00e7o foi importante pois a apresenta\u00e7\u00e3o dos valores indevidamente descontados pelo pr\u00f3prio \u00d3rg\u00e3o pode dificultar a interposi\u00e7\u00e3o pela Uni\u00e3o de algum embargo protelat\u00f3rio nesta fase de execu\u00e7\u00e3o.<\/span><\/p>\n<p style=\"text-align: justify;\"><span style=\"font-size: medium; font-family: arial,helvetica,sans-serif;\">Vamos continuar acompanhando o processo tamb\u00e9m nesta fase, e nos colocamos \u00e0 disposi\u00e7\u00e3o para quaisquer informa\u00e7\u00f5es.<\/span><\/p>\n<\/div>\n","protected":false},"excerpt":{"rendered":"<p>O RH finalizou ontem \u00e0 noite (31\/05) o envio ao Sindicato de SP de todas as fichas financeiras referentes ao desconto indevido de PSS sobre 1\/3 de f\u00e9rias nos per\u00edodos de 2002 at\u00e9 2012. A solicita\u00e7\u00e3o ao \u00d3rg\u00e3o foi feita ap\u00f3s o tr\u00e2nsito em julgado da vit\u00f3ria no Processo n\u00ba 2007.34.00.031643-4, que decretou a cobran\u00e7a [&hellip;]<\/p>\n","protected":false},"author":3,"featured_media":14665,"comment_status":"closed","ping_status":"closed","sticky":false,"template":"","format":"standard","meta":{"footnotes":""},"categories":[41],"tags":[],"class_list":["post-14664","post","type-post","status-publish","format-standard","has-post-thumbnail","hentry","category-noticias-em-destaque"],"_links":{"self":[{"href":"https:\/\/sinprfsp.org.br\/index.php\/wp-json\/wp\/v2\/posts\/14664","targetHints":{"allow":["GET"]}}],"collection":[{"href":"https:\/\/sinprfsp.org.br\/index.php\/wp-json\/wp\/v2\/posts"}],"about":[{"href":"https:\/\/sinprfsp.org.br\/index.php\/wp-json\/wp\/v2\/types\/post"}],"author":[{"embeddable":true,"href":"https:\/\/sinprfsp.org.br\/index.php\/wp-json\/wp\/v2\/users\/3"}],"replies":[{"embeddable":true,"href":"https:\/\/sinprfsp.org.br\/index.php\/wp-json\/wp\/v2\/comments?post=14664"}],"version-history":[{"count":1,"href":"https:\/\/sinprfsp.org.br\/index.php\/wp-json\/wp\/v2\/posts\/14664\/revisions"}],"predecessor-version":[{"id":14666,"href":"https:\/\/sinprfsp.org.br\/index.php\/wp-json\/wp\/v2\/posts\/14664\/revisions\/14666"}],"wp:featuredmedia":[{"embeddable":true,"href":"https:\/\/sinprfsp.org.br\/index.php\/wp-json\/wp\/v2\/media\/14665"}],"wp:attachment":[{"href":"https:\/\/sinprfsp.org.br\/index.php\/wp-json\/wp\/v2\/media?parent=14664"}],"wp:term":[{"taxonomy":"category","embeddable":true,"href":"https:\/\/sinprfsp.org.br\/index.php\/wp-json\/wp\/v2\/categories?post=14664"},{"taxonomy":"post_tag","embeddable":true,"href":"https:\/\/sinprfsp.org.br\/index.php\/wp-json\/wp\/v2\/tags?post=14664"}],"curies":[{"name":"wp","href":"https:\/\/api.w.org\/{rel}","templated":true}]}}