{"id":14675,"date":"2016-08-10T12:23:36","date_gmt":"2016-08-10T15:23:36","guid":{"rendered":"https:\/\/mjtom.com.br\/site1\/?p=14675"},"modified":"2022-01-07T13:03:10","modified_gmt":"2022-01-07T16:03:10","slug":"edital-de-convocacao","status":"publish","type":"post","link":"https:\/\/sinprfsp.org.br\/index.php\/2016\/08\/10\/edital-de-convocacao\/","title":{"rendered":"Edital de Convoca\u00e7\u00e3o"},"content":{"rendered":"<div class=\"descricao\">\n<h2><span style=\"font-size: medium;\">EDITAL DE CONVOCA\u00c7\u00c3O<\/span><\/h2>\n<p><span style=\"font-size: medium;\"><strong>\u00a0<\/strong><\/span><\/p>\n<p style=\"text-align: justify;\"><span style=\"font-size: medium;\"><strong>O PRESIDENTE DO SINDICATO DOS POLICIAIS RODOVI\u00c1RIOS FEDERAIS NO ESTADO DE S\u00c3O PAULO &#8211; SINPRF-SP<\/strong>, no desempenho de suas atribui\u00e7\u00f5es estatut\u00e1rias, e de acordo com o Artigo 22 Inciso IX, combinado com o Artigo 16 Inciso I do Estatuto, <strong>CONVOCA <\/strong>todos os filiados para Assembleia Geral Ordin\u00e1ria, a realizar-se na Sede do Sindicato dos Policiais Rodovi\u00e1rios Federais no Estado de S\u00e3o Paulo \u2013 SINPRF-SP, sito a Rua Soldado Brasilio Pinto de Almeida n\u00ba 455 \u2013 Parque Novo Mundo &#8211; S\u00e3o Paulo \u2013 SP, no <strong>dia 20 de maio de 2016, \u00e0s 09:30<\/strong> <strong>horas<\/strong>., em primeira convoca\u00e7\u00e3o com quorum de cinq\u00fcenta por cento mais um dos filiados<strong>, ou \u00e0s 10:00 horas<\/strong>, em segunda e \u00faltima convoca\u00e7\u00e3o com qualquer n\u00famero, a fim de deliberar a seguinte pauta: <strong>1\u00ba<\/strong> <strong>&#8211; <\/strong>Presta\u00e7\u00e3o de Contas do ano de 2015, pela Diretoria Executiva.<strong> 2\u00ba<\/strong> &#8211; Deliberar sobre a Previs\u00e3o Or\u00e7ament\u00e1ria para 2016.<\/span><\/p>\n<p><span style=\"font-size: medium;\">\u00a0 \u00a0 \u00a0 \u00a0 \u00a0 \u00a0 \u00a0 \u00a0 \u00a0 \u00a0 \u00a0 \u00a0 \u00a0 \u00a0 \u00a0 \u00a0 \u00a0 \u00a0 \u00a0 \u00a0 \u00a0 \u00a0<\/span><\/p>\n<p><span style=\"font-size: medium;\">\u00a0 \u00a0 \u00a0 \u00a0 \u00a0 \u00a0 \u00a0 \u00a0 \u00a0 \u00a0 \u00a0 \u00a0 \u00a0 \u00a0 \u00a0 \u00a0 \u00a0 \u00a0 \u00a0 \u00a0 \u00a0 \u00a0 \u00a0 \u00a0 \u00a0 \u00a0 \u00a0 \u00a0 \u00a0 \u00a0 \u00a0 \u00a0 \u00a0 \u00a0 \u00a0 \u00a0 \u00a0 \u00a0 \u00a0 \u00a0 \u00a0 \u00a0 \u00a0 \u00a0<\/span><span style=\"font-size: medium;\">S\u00e3o Paulo\/SP, 02 de maio de 2016.<\/span><\/p>\n<p align=\"center\">\u00a0<\/p>\n<p align=\"center\">\u00a0<strong><span style=\"font-size: medium;\">F\u00c1BIO LU\u00cdS DE ALMEIDA<\/span><\/strong><\/p>\n<p align=\"center\"><span style=\"font-size: medium;\"><strong>\u00a0PRESIDENTE SINPRF-SP<\/strong><\/span><\/p>\n<\/div>\n","protected":false},"excerpt":{"rendered":"<p>EDITAL DE CONVOCA\u00c7\u00c3O \u00a0 O PRESIDENTE DO SINDICATO DOS POLICIAIS RODOVI\u00c1RIOS FEDERAIS NO ESTADO DE S\u00c3O PAULO &#8211; SINPRF-SP, no desempenho de suas atribui\u00e7\u00f5es estatut\u00e1rias, e de acordo com o Artigo 22 Inciso IX, combinado com o Artigo 16 Inciso I do Estatuto, CONVOCA todos os filiados para Assembleia Geral Ordin\u00e1ria, a realizar-se na Sede [&hellip;]<\/p>\n","protected":false},"author":3,"featured_media":14676,"comment_status":"closed","ping_status":"closed","sticky":false,"template":"","format":"standard","meta":{"footnotes":""},"categories":[41],"tags":[],"class_list":["post-14675","post","type-post","status-publish","format-standard","has-post-thumbnail","hentry","category-noticias-em-destaque"],"_links":{"self":[{"href":"https:\/\/sinprfsp.org.br\/index.php\/wp-json\/wp\/v2\/posts\/14675","targetHints":{"allow":["GET"]}}],"collection":[{"href":"https:\/\/sinprfsp.org.br\/index.php\/wp-json\/wp\/v2\/posts"}],"about":[{"href":"https:\/\/sinprfsp.org.br\/index.php\/wp-json\/wp\/v2\/types\/post"}],"author":[{"embeddable":true,"href":"https:\/\/sinprfsp.org.br\/index.php\/wp-json\/wp\/v2\/users\/3"}],"replies":[{"embeddable":true,"href":"https:\/\/sinprfsp.org.br\/index.php\/wp-json\/wp\/v2\/comments?post=14675"}],"version-history":[{"count":1,"href":"https:\/\/sinprfsp.org.br\/index.php\/wp-json\/wp\/v2\/posts\/14675\/revisions"}],"predecessor-version":[{"id":14677,"href":"https:\/\/sinprfsp.org.br\/index.php\/wp-json\/wp\/v2\/posts\/14675\/revisions\/14677"}],"wp:featuredmedia":[{"embeddable":true,"href":"https:\/\/sinprfsp.org.br\/index.php\/wp-json\/wp\/v2\/media\/14676"}],"wp:attachment":[{"href":"https:\/\/sinprfsp.org.br\/index.php\/wp-json\/wp\/v2\/media?parent=14675"}],"wp:term":[{"taxonomy":"category","embeddable":true,"href":"https:\/\/sinprfsp.org.br\/index.php\/wp-json\/wp\/v2\/categories?post=14675"},{"taxonomy":"post_tag","embeddable":true,"href":"https:\/\/sinprfsp.org.br\/index.php\/wp-json\/wp\/v2\/tags?post=14675"}],"curies":[{"name":"wp","href":"https:\/\/api.w.org\/{rel}","templated":true}]}}