{"id":14678,"date":"2016-04-29T12:23:39","date_gmt":"2016-04-29T15:23:39","guid":{"rendered":"https:\/\/mjtom.com.br\/site1\/?p=14678"},"modified":"2022-01-07T13:03:10","modified_gmt":"2022-01-07T16:03:10","slug":"reuniao-com-o-mpog","status":"publish","type":"post","link":"https:\/\/sinprfsp.org.br\/index.php\/2016\/04\/29\/reuniao-com-o-mpog\/","title":{"rendered":"Reuni\u00e3o com o MPOG"},"content":{"rendered":"<div class=\"descricao\">\n<p style=\"text-align: justify;\"><span style=\"font-size: medium; font-family: arial,helvetica,sans-serif;\">Depois de mais de um ano e meio de Campanha Salarial, os PRFs novamente foram dormir ontem (quem n\u00e3o estava de plant\u00e3o&#8230;) sem uma proposta do Governo. Chamada \u00e0s pressas para uma reuni\u00e3o, a Federa\u00e7\u00e3o pediu aos Sindicatos Regionais que colocassem o efetivo em QAP para que, na possibilidade de uma proposta, pud\u00e9ssemos fazer uma consulta de maneira r\u00e1pida, mas esta t\u00e3o esperada vota\u00e7\u00e3o foi adiada para a semana que vem.<\/span><\/p>\n<p style=\"text-align: justify;\">\u00a0<\/p>\n<p style=\"text-align: justify;\"><span style=\"font-size: medium; font-family: arial,helvetica,sans-serif;\">O que foi divulgado pela FenaPRF, por volta das 20:30, foi uma nota oficial sem informa\u00e7\u00e3o sobre os termos de um poss\u00edvel acordo: \u201cO Ministro foi objetivo com as lideran\u00e7as sindicais, demonstrando que h\u00e1 interesse e boa vontade do governo em resolver a quest\u00e3o salarial at\u00e9 a pr\u00f3xima semana, deixando as reivindica\u00e7\u00f5es mais complexas para um outro momento.\u201d<\/span><\/p>\n<p style=\"text-align: justify;\">\u00a0<\/p>\n<p style=\"text-align: justify;\"><span style=\"font-size: medium; font-family: arial,helvetica,sans-serif;\">Apesar de todas as a\u00e7\u00f5es do efetivo, de toda atua\u00e7\u00e3o do sistema sindical, e de toda a ajuda dos parlamentares que se aproximaram de nossas reivindica\u00e7\u00f5es, a reuni\u00e3o de ontem foi a primeira da nossa categoria com o Ministro do Planejamento desde o in\u00edcio da campanha; neste sentido o Presidente da Fena considerou que esta reuni\u00e3o pode significar que \u201cas tratativas iniciaram de fato, abrindo a mesa de negocia\u00e7\u00e3o com a nossa categoria.\u201d<\/span><\/p>\n<p style=\"text-align: justify;\">\u00a0<\/p>\n<p style=\"text-align: justify;\"><span style=\"font-size: medium; font-family: arial,helvetica,sans-serif;\">At\u00e9 aquele momento nossa presen\u00e7a no MPOG havia se limitado \u00e0s reuni\u00f5es mais gerais e \u00e0 Secretaria de Rela\u00e7\u00f5es do Trabalho \u2013 SRT, que n\u00e3o tinha at\u00e9 ali, autonomia para qualquer decis\u00e3o. Em contrapartida, ontem foi o pr\u00f3prio Ministro que sinalizou com uma data fat\u00eddica.<\/span><\/p>\n<p style=\"text-align: justify;\">\u00a0<\/p>\n<p style=\"text-align: justify;\"><span style=\"font-size: medium; font-family: arial,helvetica,sans-serif;\">Mesmo com a apresenta\u00e7\u00e3o do Plano de Fortalecimento Institucional \u2013 PFI, que al\u00e9m da quest\u00e3o salarial tratava tamb\u00e9m de outros assuntos importantes para a categoria como efetivo e atribui\u00e7\u00f5es, a negocia\u00e7\u00e3o seguir\u00e1 hoje e no in\u00edcio da semana que vem (por decis\u00e3o do Ministro) apenas em rela\u00e7\u00e3o ao valor do subs\u00eddio.<\/span><\/p>\n<p style=\"text-align: justify;\">\u00a0<\/p>\n<p style=\"text-align: justify;\"><span style=\"font-size: medium; font-family: arial,helvetica,sans-serif;\">Estamos considerando que a reuni\u00e3o de ontem n\u00e3o acabou&#8230; prossegue hoje, quando os nossos representantes ter\u00e3o a dif\u00edcil miss\u00e3o de trabalhar uma proposta com a equipe t\u00e9cnica do MPOG que se aproxime ao m\u00e1ximo dos valores pleiteados no PFI, e continua na segunda feira \u00e0 noite (19h), quando devemos novamente ser recebidos, dai sim com uma proposta final.<\/span><\/p>\n<p style=\"text-align: justify;\">\u00a0<\/p>\n<p style=\"text-align: justify;\"><span style=\"font-size: medium; font-family: arial,helvetica,sans-serif;\">O Marcos, nosso atual Delegado Representante no Conselho da Fena, estava ontem em Bras\u00edlia e participou da reuni\u00e3o que marcou o real in\u00edcio desta tratativa; em suas palavras ontem \u00e0 noite no whats:<\/span><\/p>\n<p style=\"text-align: justify;\">\u00a0<\/p>\n<p style=\"text-align: justify;\"><span style=\"font-size: medium; font-family: arial,helvetica,sans-serif;\">\u201cA impress\u00e3o que tive \u00e9 que o governo vai resolver a quest\u00e3o e apresentar uma proposta melhor do que o que foi oferecido at\u00e9 agora. Talvez n\u00e3o seja o que queremos, mas, de qualquer forma, ser\u00e1 diferenciado do restante das outras categorias.\u201d<\/span><\/p>\n<p style=\"text-align: justify;\">\u00a0<\/p>\n<p style=\"text-align: justify;\"><span style=\"font-size: medium; font-family: arial,helvetica,sans-serif;\">E chamou a aten\u00e7\u00e3o tamb\u00e9m para o fato de que o acordo com o MPOG representar\u00e1 apenas uma primeira batalha j\u00e1 que, seja o aumento apresentado como MP seja como PL, o sistema sindical ter\u00e1 ainda que enfrentar um Congresso convulsionado por uma disputa de poder sem precedentes.<\/span><\/p>\n<p style=\"text-align: justify;\">\u00a0<\/p>\n<p style=\"text-align: justify;\"><span style=\"font-size: medium; font-family: arial,helvetica,sans-serif;\">Vamos continuar encaminhando tudo o que for sendo passado para os grupos de whats, para que todos acompanhem mais esta fase desta longeva campanha, e reiteramos aqui as palavras do F\u00e1bio, ontem no final da tarde: \u201c(&#8230;) se manifestem de forma objetiva e respeitosa e assim possamos todos exercer nosso direito de manifesta\u00e7\u00e3o. Grato e por gentileza sejamos maduros, civilizados e respeitosos nesse momento cr\u00edtico, independente de ideologia, cren\u00e7a ou convic\u00e7\u00e3o seja l\u00e1 qual for&#8230;\u201d.<\/span><\/p>\n<p style=\"text-align: justify;\">\u00a0<\/p>\n<p style=\"text-align: justify;\"><span style=\"font-size: medium; font-family: arial,helvetica,sans-serif;\">Um Cordial Abra\u00e7o e<\/span><\/p>\n<p style=\"text-align: justify;\"><span style=\"font-size: medium; font-family: arial,helvetica,sans-serif;\">Sauda\u00e7\u00f5es Sindicais.<\/span><\/p>\n<\/div>\n","protected":false},"excerpt":{"rendered":"<p>Depois de mais de um ano e meio de Campanha Salarial, os PRFs novamente foram dormir ontem (quem n\u00e3o estava de plant\u00e3o&#8230;) sem uma proposta do Governo. Chamada \u00e0s pressas para uma reuni\u00e3o, a Federa\u00e7\u00e3o pediu aos Sindicatos Regionais que colocassem o efetivo em QAP para que, na possibilidade de uma proposta, pud\u00e9ssemos fazer uma [&hellip;]<\/p>\n","protected":false},"author":3,"featured_media":14679,"comment_status":"closed","ping_status":"closed","sticky":false,"template":"","format":"standard","meta":{"footnotes":""},"categories":[41],"tags":[],"class_list":["post-14678","post","type-post","status-publish","format-standard","has-post-thumbnail","hentry","category-noticias-em-destaque"],"_links":{"self":[{"href":"https:\/\/sinprfsp.org.br\/index.php\/wp-json\/wp\/v2\/posts\/14678","targetHints":{"allow":["GET"]}}],"collection":[{"href":"https:\/\/sinprfsp.org.br\/index.php\/wp-json\/wp\/v2\/posts"}],"about":[{"href":"https:\/\/sinprfsp.org.br\/index.php\/wp-json\/wp\/v2\/types\/post"}],"author":[{"embeddable":true,"href":"https:\/\/sinprfsp.org.br\/index.php\/wp-json\/wp\/v2\/users\/3"}],"replies":[{"embeddable":true,"href":"https:\/\/sinprfsp.org.br\/index.php\/wp-json\/wp\/v2\/comments?post=14678"}],"version-history":[{"count":1,"href":"https:\/\/sinprfsp.org.br\/index.php\/wp-json\/wp\/v2\/posts\/14678\/revisions"}],"predecessor-version":[{"id":14680,"href":"https:\/\/sinprfsp.org.br\/index.php\/wp-json\/wp\/v2\/posts\/14678\/revisions\/14680"}],"wp:featuredmedia":[{"embeddable":true,"href":"https:\/\/sinprfsp.org.br\/index.php\/wp-json\/wp\/v2\/media\/14679"}],"wp:attachment":[{"href":"https:\/\/sinprfsp.org.br\/index.php\/wp-json\/wp\/v2\/media?parent=14678"}],"wp:term":[{"taxonomy":"category","embeddable":true,"href":"https:\/\/sinprfsp.org.br\/index.php\/wp-json\/wp\/v2\/categories?post=14678"},{"taxonomy":"post_tag","embeddable":true,"href":"https:\/\/sinprfsp.org.br\/index.php\/wp-json\/wp\/v2\/tags?post=14678"}],"curies":[{"name":"wp","href":"https:\/\/api.w.org\/{rel}","templated":true}]}}