{"id":14701,"date":"2016-03-31T12:25:14","date_gmt":"2016-03-31T15:25:14","guid":{"rendered":"https:\/\/mjtom.com.br\/site1\/?p=14701"},"modified":"2022-01-07T13:03:10","modified_gmt":"2022-01-07T16:03:10","slug":"acao-contra-aumento-abusivo-de-375-na-geap","status":"publish","type":"post","link":"https:\/\/sinprfsp.org.br\/index.php\/2016\/03\/31\/acao-contra-aumento-abusivo-de-375-na-geap\/","title":{"rendered":"A\u00e7\u00e3o contra aumento abusivo de 37,5% na GEAP"},"content":{"rendered":"<div class=\"descricao\">\n<p class=\"Standard\" style=\"text-align: justify;\"><span style=\"font-family: arial, helvetica, sans-serif; font-size: medium;\">O SinPRF-SP ingressou com a\u00e7\u00e3o contra o aumento de 37,55% da GEAP. O processo n\u00ba 1030381-09.2016.8.26.0100 est\u00e1 em tr\u00e2mite na 26\u00aa Vara C\u00edvel do Foro Central C\u00edvel de SP e encontra-se desde o dia 28 conclusos para decis\u00e3o do pedido de antecipa\u00e7\u00e3o de tutela.<\/span><\/p>\n<p class=\"Standard\" style=\"text-align: justify;\"><span style=\"font-family: arial, helvetica, sans-serif; font-size: medium;\">A diretoria da GEAP alega que o reajuste foi estabelecido visando resolver problemas de caixa da funda\u00e7\u00e3o, que acumula um deficit superior a 300 milh\u00f5es de reais. Para os atuais gestores esta conta deve ser paga pelos assistidos: \u201cToda empresa precisa tirar dinheiro de algum lugar. De onde a gente vai tirar?\u201d, perguntou Dr. C\u00e9lio, diretor da Geap, durante reuni\u00e3o do conselho regional da entidade, realizada em S\u00e3o Paulo, no dia 19\/03, segundo informa\u00e7\u00e3o do Sindsef-SP.<\/span><\/p>\n<p class=\"Standard\" style=\"text-align: justify;\"><span style=\"font-family: arial, helvetica, sans-serif; font-size: medium;\">O aumento foi muito acima do aplicado pela maioria dos conv\u00eanios privados, que elevaram suas mensalidades entre 17% e 23% (segundo levantamento do jornal Correio Braziliense). Nosso contrato com a Unimed FESP teve, no final do ano passado, um aumento de 9,5%.<\/span><\/p>\n<p class=\"Standard\" style=\"text-align: justify;\"><span style=\"font-family: arial, helvetica, sans-serif; font-size: medium;\">At\u00e9 o aumento, a GEAP permanecia sendo uma op\u00e7\u00e3o de menor custo, principalmente nas maiores faixas et\u00e1rias, e tendo a vantagem de dar direito ao recebimento do <em>per capta<\/em> do Governo tamb\u00e9m para os pais (por for\u00e7a de decis\u00e3o judicial), o que n\u00e3o acontece nos outros planos.<\/span><\/p>\n<p class=\"Standard\" style=\"text-align: justify;\"><span style=\"font-family: arial, helvetica, sans-serif; font-size: medium;\">Hoje cerca de pouco mais 20% dos nossos sindicalizados est\u00e3o na GEAP e aguardam com ansiedade a decis\u00e3o no pedido de antecipa\u00e7\u00e3o de tutela feito ao Juiz Rodrigo Nogueira.<\/span><\/p>\n<p class=\"Standard\" style=\"text-align: justify;\"><span style=\"font-family: arial, helvetica, sans-serif; font-size: medium;\">\u00a0<\/span><\/p>\n<\/div>\n","protected":false},"excerpt":{"rendered":"<p>O SinPRF-SP ingressou com a\u00e7\u00e3o contra o aumento de 37,55% da GEAP. O processo n\u00ba 1030381-09.2016.8.26.0100 est\u00e1 em tr\u00e2mite na 26\u00aa Vara C\u00edvel do Foro Central C\u00edvel de SP e encontra-se desde o dia 28 conclusos para decis\u00e3o do pedido de antecipa\u00e7\u00e3o de tutela. A diretoria da GEAP alega que o reajuste foi estabelecido visando [&hellip;]<\/p>\n","protected":false},"author":3,"featured_media":14702,"comment_status":"closed","ping_status":"closed","sticky":false,"template":"","format":"standard","meta":{"footnotes":""},"categories":[41],"tags":[],"class_list":["post-14701","post","type-post","status-publish","format-standard","has-post-thumbnail","hentry","category-noticias-em-destaque"],"_links":{"self":[{"href":"https:\/\/sinprfsp.org.br\/index.php\/wp-json\/wp\/v2\/posts\/14701","targetHints":{"allow":["GET"]}}],"collection":[{"href":"https:\/\/sinprfsp.org.br\/index.php\/wp-json\/wp\/v2\/posts"}],"about":[{"href":"https:\/\/sinprfsp.org.br\/index.php\/wp-json\/wp\/v2\/types\/post"}],"author":[{"embeddable":true,"href":"https:\/\/sinprfsp.org.br\/index.php\/wp-json\/wp\/v2\/users\/3"}],"replies":[{"embeddable":true,"href":"https:\/\/sinprfsp.org.br\/index.php\/wp-json\/wp\/v2\/comments?post=14701"}],"version-history":[{"count":1,"href":"https:\/\/sinprfsp.org.br\/index.php\/wp-json\/wp\/v2\/posts\/14701\/revisions"}],"predecessor-version":[{"id":14703,"href":"https:\/\/sinprfsp.org.br\/index.php\/wp-json\/wp\/v2\/posts\/14701\/revisions\/14703"}],"wp:featuredmedia":[{"embeddable":true,"href":"https:\/\/sinprfsp.org.br\/index.php\/wp-json\/wp\/v2\/media\/14702"}],"wp:attachment":[{"href":"https:\/\/sinprfsp.org.br\/index.php\/wp-json\/wp\/v2\/media?parent=14701"}],"wp:term":[{"taxonomy":"category","embeddable":true,"href":"https:\/\/sinprfsp.org.br\/index.php\/wp-json\/wp\/v2\/categories?post=14701"},{"taxonomy":"post_tag","embeddable":true,"href":"https:\/\/sinprfsp.org.br\/index.php\/wp-json\/wp\/v2\/tags?post=14701"}],"curies":[{"name":"wp","href":"https:\/\/api.w.org\/{rel}","templated":true}]}}