{"id":14704,"date":"2016-03-30T12:25:18","date_gmt":"2016-03-30T15:25:18","guid":{"rendered":"https:\/\/mjtom.com.br\/site1\/?p=14704"},"modified":"2022-01-07T13:03:10","modified_gmt":"2022-01-07T16:03:10","slug":"departamento-nega-sisnar-regional","status":"publish","type":"post","link":"https:\/\/sinprfsp.org.br\/index.php\/2016\/03\/30\/departamento-nega-sisnar-regional\/","title":{"rendered":"Departamento nega Sisnar Regional"},"content":{"rendered":"<div class=\"descricao\">\n<p class=\"Standard\" style=\"text-align: justify;\"><span style=\"font-family: 'andale mono', times; font-size: large;\">No come\u00e7o de mar\u00e7o o SinPRF-SP protocolou Of\u00edcio no Gabinete da Regional solicitando que o Inspetor De Amorim requeresse ao Departamento a abertura do SISNAR Regional antes do processo nacional. O Superintendente abriu um processo no SEI e encaminhou uma solicita\u00e7\u00e3o \u00e0 Coordena\u00e7\u00e3o-Geral de Recursos Humanos. No dia 24 de mar\u00e7o foi encaminhada a resposta negativa do CGRH por meio do Despacho Informativo n\u00ba 219\/2016 \u2013 CGRH (SEI n\u00ba 0721896):<\/span><\/p>\n<p class=\"Standard\" style=\"text-align: justify;\"><span style=\"font-family: 'andale mono', times; font-size: large;\">\u201cEm aten\u00e7\u00e3o ao Memorando n\u00ba 14\/2016\/SRPRF-SP, por meio do qual a Superintend\u00eancia de Pol\u00edcia Rodovi\u00e1ria Federal no Estado de S\u00e3o Paulo solicita a realiza\u00e7\u00e3o do SISNAR Regional\u201d a negativa veio de forma singela \u201c(&#8230;) Coordena\u00e7\u00e3o-Geral de Recursos Humanos encontra-se na fase de conclus\u00e3o de produ\u00e7\u00e3o do Edital do Processo Seletivo Interno de Remo\u00e7\u00e3o por Remanejamento Nacional &#8211; SISNAR Nacional, que ser\u00e1 publicado em breve.\u201d o Inspetor Paim informou \u201c(&#8230;) que resta invi\u00e1vel, no momento, viabilizar a realiza\u00e7\u00e3o desse Processo Seletivo de forma regional.\u201d<\/span><\/p>\n<p class=\"Standard\" style=\"text-align: justify;\"><span style=\"font-family: 'andale mono', times; font-size: large;\">Aproveitando estar em Bras\u00edlia para Assembleia da Federa\u00e7\u00e3o, os colegas Marcos Viana (Delegado representante na FenaPRF) e Leandro, da 4\u00aa Delegacia, (Delegado representante substituto), foram pessoalmente ao Departamento tratar do tema. Acompanhados de representantes da Fena e de outros sindicatos que tamb\u00e9m pleiteavam a realiza\u00e7\u00e3o de um Sisnar Regional, os colegas apresentaram a grande demanda para a realiza\u00e7\u00e3o do processo regional, mas a resposta foi um enf\u00e1tico N\u00e3o, afastando todas as possibilidades de argumenta\u00e7\u00e3o. Entre os motivos expostos pela administra\u00e7\u00e3o na reuni\u00e3o, al\u00e9m do tempo para a organiza\u00e7\u00e3o, estavam o risco da judicializa\u00e7\u00e3o (em um processo regional, um PRF mais novo seria removido dentro da Regional na frente de um outro mais antigo de outra Regional), e a exist\u00eancia de uma consulta nacional onde o efetivo teria optado pelo processo nacional (?).<\/span><\/p>\n<p class=\"Standard\" style=\"text-align: justify;\"><span style=\"font-family: 'andale mono', times; font-size: large;\">O \u00faltimo Sisnar Regional havia sido feito tamb\u00e9m por iniciativa do Sindicato, e com resultados muito positivos: realoca\u00e7\u00e3o da for\u00e7a de trabalho dentro do Estado sem a utiliza\u00e7\u00e3o das remo\u00e7\u00f5es \u201cEx-Officio\u201d; redu\u00e7\u00e3o do tempo de deslocamento resid\u00eancia x trabalho x resid\u00eancia, e do desgaste f\u00edsico e mental do servidor; redu\u00e7\u00e3o de gastos com aux\u00edlio transporte; valoriza\u00e7\u00e3o do conv\u00edvio familiar e comunit\u00e1rio; e eleva\u00e7\u00e3o do n\u00edvel de motiva\u00e7\u00e3o e reconhecimento do servidor com a institui\u00e7\u00e3o que se preocupa com seu bem estar. Mas estes argumentos, infelizmente, n\u00e3o foram suficientes.<\/span><\/p>\n<p class=\"Textbody\" style=\"text-align: justify;\"><span style=\"font-family: 'andale mono', times; font-size: large;\">Em conversa com o Superintendente Regional ap\u00f3s a resposta negativa do Departamento, o Inspetor De Amorim concordou em reiterar a solicita\u00e7\u00e3o \u00e0 CGRH ap\u00f3s o processo nacional, permitindo assim alguns ajustes posteriores. Em consulta pr\u00e9via feita pelo e-mail do Sindicato, cerca de 40 colegas manifestaram seu interesse em remo\u00e7\u00e3o dentro do Estado, mais do que justificando a aten\u00e7\u00e3o redobrada a este assunto.<\/span><\/p>\n<p class=\"Textbody\" style=\"text-align: justify;\"><span style=\"font-family: 'andale mono', times; font-size: large;\">O Sindicato tamb\u00e9m est\u00e1 acompanhando as discuss\u00f5es sobre divis\u00e3o do efetivo da turma que est\u00e1 para se formar na nossa Academia, estudando a possibilidade de den\u00fancia a \u00f3rg\u00e3o de controle externo caso a Regional seja novamente preterida.<\/span><\/p>\n<\/div>\n","protected":false},"excerpt":{"rendered":"<p>No come\u00e7o de mar\u00e7o o SinPRF-SP protocolou Of\u00edcio no Gabinete da Regional solicitando que o Inspetor De Amorim requeresse ao Departamento a abertura do SISNAR Regional antes do processo nacional. O Superintendente abriu um processo no SEI e encaminhou uma solicita\u00e7\u00e3o \u00e0 Coordena\u00e7\u00e3o-Geral de Recursos Humanos. No dia 24 de mar\u00e7o foi encaminhada a resposta [&hellip;]<\/p>\n","protected":false},"author":3,"featured_media":14705,"comment_status":"closed","ping_status":"closed","sticky":false,"template":"","format":"standard","meta":{"footnotes":""},"categories":[41],"tags":[],"class_list":["post-14704","post","type-post","status-publish","format-standard","has-post-thumbnail","hentry","category-noticias-em-destaque"],"_links":{"self":[{"href":"https:\/\/sinprfsp.org.br\/index.php\/wp-json\/wp\/v2\/posts\/14704","targetHints":{"allow":["GET"]}}],"collection":[{"href":"https:\/\/sinprfsp.org.br\/index.php\/wp-json\/wp\/v2\/posts"}],"about":[{"href":"https:\/\/sinprfsp.org.br\/index.php\/wp-json\/wp\/v2\/types\/post"}],"author":[{"embeddable":true,"href":"https:\/\/sinprfsp.org.br\/index.php\/wp-json\/wp\/v2\/users\/3"}],"replies":[{"embeddable":true,"href":"https:\/\/sinprfsp.org.br\/index.php\/wp-json\/wp\/v2\/comments?post=14704"}],"version-history":[{"count":1,"href":"https:\/\/sinprfsp.org.br\/index.php\/wp-json\/wp\/v2\/posts\/14704\/revisions"}],"predecessor-version":[{"id":14706,"href":"https:\/\/sinprfsp.org.br\/index.php\/wp-json\/wp\/v2\/posts\/14704\/revisions\/14706"}],"wp:featuredmedia":[{"embeddable":true,"href":"https:\/\/sinprfsp.org.br\/index.php\/wp-json\/wp\/v2\/media\/14705"}],"wp:attachment":[{"href":"https:\/\/sinprfsp.org.br\/index.php\/wp-json\/wp\/v2\/media?parent=14704"}],"wp:term":[{"taxonomy":"category","embeddable":true,"href":"https:\/\/sinprfsp.org.br\/index.php\/wp-json\/wp\/v2\/categories?post=14704"},{"taxonomy":"post_tag","embeddable":true,"href":"https:\/\/sinprfsp.org.br\/index.php\/wp-json\/wp\/v2\/tags?post=14704"}],"curies":[{"name":"wp","href":"https:\/\/api.w.org\/{rel}","templated":true}]}}