{"id":14710,"date":"2016-03-15T12:25:26","date_gmt":"2016-03-15T15:25:26","guid":{"rendered":"https:\/\/mjtom.com.br\/site1\/?p=14710"},"modified":"2022-01-07T12:59:30","modified_gmt":"2022-01-07T15:59:30","slug":"nota-aos-filiados-reajuste-abusivo-geap","status":"publish","type":"post","link":"https:\/\/sinprfsp.org.br\/index.php\/2016\/03\/15\/nota-aos-filiados-reajuste-abusivo-geap\/","title":{"rendered":"NOTA AOS FILIADOS (REAJUSTE ABUSIVO GEAP)"},"content":{"rendered":"<div class=\"descricao\">\n<p align=\"center\"><span style=\"font-size: medium;\"><strong>NOTA AOS SINDICALIZADOS (Participantes da GEAP)<\/strong><\/span><\/p>\n<p><span style=\"font-size: medium;\"><strong>\u00a0\u00a0\u00a0\u00a0\u00a0\u00a0\u00a0\u00a0\u00a0\u00a0\u00a0\u00a0\u00a0\u00a0\u00a0\u00a0\u00a0\u00a0\u00a0\u00a0 <\/strong><\/span><\/p>\n<p><span style=\"font-size: medium;\"><strong>\u00a0\u00a0\u00a0\u00a0\u00a0\u00a0\u00a0\u00a0\u00a0\u00a0\u00a0\u00a0\u00a0\u00a0\u00a0\u00a0\u00a0\u00a0\u00a0\u00a0 <\/strong><\/span><\/p>\n<p style=\"text-align: justify;\"><strong><span style=\"font-size: medium;\">O SINPRFSP, por meio da Diretoria Jur\u00eddica, est\u00e1 tomando medidas no sentido de anular o aumento abusivo do plano de sa\u00fade suplementar gerenciado pela GEAP.<\/span><\/strong><\/p>\n<p style=\"text-align: justify;\"><span style=\"font-size: medium;\">\u00a0<\/span><\/p>\n<p style=\"text-align: justify;\"><span style=\"font-size: medium;\">No decorrer da semana anterior foram realizadas diversas reuni\u00f5es envolvendo a Diretoria Jur\u00eddica, a Presid\u00eancia do SINPRFSP e o escrit\u00f3rio Capano &#038; Passafaro Advogados Associados a fim de eleger a diretriz a ser adotada por esta entidade representativa de classe no que tange \u00e0 propositura de a\u00e7\u00e3o judicial com objetivo de obter decis\u00e3o do judici\u00e1rio reduzindo o reajuste abusivo do plano de sa\u00fade. A referida a\u00e7\u00e3o judicial ter\u00e1 efeitos estendidos a todos os sindicalizados que aderiram ao plano da GEAP, quer tenham o desconto do valor da mensalidade efetuado diretamente no\u00a0 contracheque, quer seja realizado o pagamento por meio de boleto banc\u00e1rio enviado ao endere\u00e7o de correspond\u00eancia do sindicalizado.<\/span><\/p>\n<p style=\"text-align: justify;\"><span style=\"font-size: medium;\">O Presidente do SINPRFSP, F\u00e1bio Lu\u00eds de Almeida, reuniu-se no in\u00edcio da semana anterior com a Diretoria Jur\u00eddica da FENAPRF e discutiu a quest\u00e3o, avaliando o benef\u00edcio aos nossos sindicalizados em aderir \u00e0 a\u00e7\u00e3o judicial que ser\u00e1 proposta pela FENAPRF. Na referida reuni\u00e3o foram expostos muitos pontos esclarecedores de quais seriam os riscos e os benef\u00edcios para os sindicalizados caso venha obter \u00eaxito na referida demanda judicial.<\/span><\/p>\n<p style=\"text-align: justify;\"><span style=\"font-size: medium;\">Diante disto, na data de ontem (14\/03\/2016) foi definido pela Diretoria Jur\u00eddica e pela Presid\u00eancia do SINPRFSP que a a\u00e7\u00e3o ser\u00e1 proposta diretamente pelo sindicato, por meio do escrit\u00f3rio de advocacia Capano &#038; Passafaro Advogados Associados, porque esta \u00e9 a medida que proporciona o maior benef\u00edcio para o sindicalizado sem qualquer custo presente ou futuro para ele, tendo em vista que n\u00e3o se est\u00e1 buscando apenas a redu\u00e7\u00e3o do reajuste abusivo, mas tamb\u00e9m a devolu\u00e7\u00e3o dos valores que j\u00e1 foram descontados em folha ou pagos diretamente pelo sindicalizado.<\/span><\/p>\n<p style=\"text-align: justify;\"><span style=\"font-size: medium;\">Assim, at\u00e9 o final desta semana (dia 18\/03) a a\u00e7\u00e3o ser\u00e1 distribu\u00edda no foro competente para apreciar a causa; e na medida em que as decis\u00f5es judiciais forem sendo prolatadas, divulgaremos pelos canais de comunica\u00e7\u00e3o do SINPRFSP.<\/span><\/p>\n<p style=\"text-align: justify;\">\u00a0<span style=\"font-size: medium;\">O SINPRFSP reitera o compromisso de militar na defesa dos direitos de cada sindicalizado.<\/span><\/p>\n<p><span style=\"font-size: medium;\">\u00a0<\/span><\/p>\n<p><span style=\"font-size: medium;\">\u00a0<\/span><\/p>\n<p align=\"center\"><strong><span style=\"font-size: medium;\"><strong>Diretoria Jur\u00eddica do SINPRFSP.<\/strong><\/span><br \/><\/strong><\/p>\n<p>\u00a0<\/p>\n<\/div>\n","protected":false},"excerpt":{"rendered":"<p>NOTA AOS SINDICALIZADOS (Participantes da GEAP) \u00a0\u00a0\u00a0\u00a0\u00a0\u00a0\u00a0\u00a0\u00a0\u00a0\u00a0\u00a0\u00a0\u00a0\u00a0\u00a0\u00a0\u00a0\u00a0\u00a0 \u00a0\u00a0\u00a0\u00a0\u00a0\u00a0\u00a0\u00a0\u00a0\u00a0\u00a0\u00a0\u00a0\u00a0\u00a0\u00a0\u00a0\u00a0\u00a0\u00a0 O SINPRFSP, por meio da Diretoria Jur\u00eddica, est\u00e1 tomando medidas no sentido de anular o aumento abusivo do plano de sa\u00fade suplementar gerenciado pela GEAP. \u00a0 No decorrer da semana anterior foram realizadas diversas reuni\u00f5es envolvendo a Diretoria Jur\u00eddica, a Presid\u00eancia do SINPRFSP e o escrit\u00f3rio Capano [&hellip;]<\/p>\n","protected":false},"author":3,"featured_media":14711,"comment_status":"closed","ping_status":"closed","sticky":false,"template":"","format":"standard","meta":{"footnotes":""},"categories":[41],"tags":[],"class_list":["post-14710","post","type-post","status-publish","format-standard","has-post-thumbnail","hentry","category-noticias-em-destaque"],"_links":{"self":[{"href":"https:\/\/sinprfsp.org.br\/index.php\/wp-json\/wp\/v2\/posts\/14710","targetHints":{"allow":["GET"]}}],"collection":[{"href":"https:\/\/sinprfsp.org.br\/index.php\/wp-json\/wp\/v2\/posts"}],"about":[{"href":"https:\/\/sinprfsp.org.br\/index.php\/wp-json\/wp\/v2\/types\/post"}],"author":[{"embeddable":true,"href":"https:\/\/sinprfsp.org.br\/index.php\/wp-json\/wp\/v2\/users\/3"}],"replies":[{"embeddable":true,"href":"https:\/\/sinprfsp.org.br\/index.php\/wp-json\/wp\/v2\/comments?post=14710"}],"version-history":[{"count":1,"href":"https:\/\/sinprfsp.org.br\/index.php\/wp-json\/wp\/v2\/posts\/14710\/revisions"}],"predecessor-version":[{"id":14712,"href":"https:\/\/sinprfsp.org.br\/index.php\/wp-json\/wp\/v2\/posts\/14710\/revisions\/14712"}],"wp:featuredmedia":[{"embeddable":true,"href":"https:\/\/sinprfsp.org.br\/index.php\/wp-json\/wp\/v2\/media\/14711"}],"wp:attachment":[{"href":"https:\/\/sinprfsp.org.br\/index.php\/wp-json\/wp\/v2\/media?parent=14710"}],"wp:term":[{"taxonomy":"category","embeddable":true,"href":"https:\/\/sinprfsp.org.br\/index.php\/wp-json\/wp\/v2\/categories?post=14710"},{"taxonomy":"post_tag","embeddable":true,"href":"https:\/\/sinprfsp.org.br\/index.php\/wp-json\/wp\/v2\/tags?post=14710"}],"curies":[{"name":"wp","href":"https:\/\/api.w.org\/{rel}","templated":true}]}}